{"id":321121,"date":"2025-05-11T18:45:05","date_gmt":"2025-05-11T15:45:05","guid":{"rendered":"https:\/\/sana.sy\/tr\/?p=321121"},"modified":"2025-05-14T09:03:01","modified_gmt":"2025-05-14T06:03:01","slug":"cumhurbaskani-el-sara-bae-devlet-baskani-ile-yaptigi-telefon-gorusmesinde-ikili-iliskileri-ele-aldi","status":"publish","type":"post","link":"https:\/\/archive.sana.sy\/tr\/?p=321121","title":{"rendered":"Cumhurba\u015fkan\u0131 El \u015eara, BAE Devlet Ba\u015fkan\u0131 \u0130le Yapt\u0131\u011f\u0131 Telefon G\u00f6r\u00fc\u015fmesinde \u0130kili \u0130li\u015fkileri Ele Ald\u0131"},"content":{"rendered":"<p style=\"text-align: justify;\"><span style=\"color: #800000;\"><strong>\u015eAM (SANA) &#8211;<\/strong> <\/span>Suriye Arap Cumhuriyeti Cumhurba\u015fkan\u0131 Ahmed El \u015eara, bug\u00fcn Birle\u015fik Arap Emirlikleri Devlet Ba\u015fkan\u0131 \u015eeyh Muhammed bin Zayid Al Nahyan ile telefon g\u00f6r\u00fc\u015fmesi ger\u00e7ekle\u015ftirdi.<\/p>\n<p style=\"text-align: justify;\">El \u015eara, Suriye ile BAE aras\u0131ndaki koordinasyonun s\u00fcrd\u00fcr\u00fclmesinin \u00f6nemine dikkat \u00e7ekerek, Abu Dabi&#8217;nin Suriye&#8217;nin egemenli\u011fine ve toprak b\u00fct\u00fcnl\u00fc\u011f\u00fcne y\u00f6nelik destekleyici duru\u015funu ve \u00f6zellikle artan zorluklar \u0131\u015f\u0131\u011f\u0131nda b\u00f6lgesel istikrar\u0131 sa\u011flamadaki rol\u00fcn\u00fc \u00f6vd\u00fc.<\/p>\n<p style=\"text-align: justify;\">\u015eeyh Muhammed bin Zayed ise BAE&#8217;nin Suriye halk\u0131yla tam dayan\u0131\u015fma i\u00e7inde oldu\u011funu ve Suriye&#8217;nin yeniden in\u015fas\u0131 ile g\u00fcvenlik \u00e7abalar\u0131na destek verdi\u011fini ifade etti. Ayr\u0131ca \u00fclkesinin \u00f6n\u00fcm\u00fczdeki d\u00f6nemde Suriye ile ekonomik ve yat\u0131r\u0131m i\u015f birli\u011fini geni\u015fletme arzusunu vurgulad\u0131.<\/p>\n","protected":false},"excerpt":{"rendered":"<p>\u015eAM (SANA) &#8211; Suriye Arap Cumhuriyeti Cumhurba\u015fkan\u0131 Ahmed El \u015eara, bug\u00fcn Birle\u015fik Arap Emirlikleri Devlet Ba\u015fkan\u0131 \u015eeyh Muhammed bin Zayid Al Nahyan ile telefon g\u00f6r\u00fc\u015fmesi ger\u00e7ekle\u015ftirdi. El \u015eara, Suriye ile BAE aras\u0131ndaki koordinasyonun s\u00fcrd\u00fcr\u00fclmesinin \u00f6nemine dikkat \u00e7ekerek, Abu Dabi&#8217;nin Suriye&#8217;nin egemenli\u011fine ve toprak b\u00fct\u00fcnl\u00fc\u011f\u00fcne y\u00f6nelik destekleyici duru\u015funu ve \u00f6zellikle artan zorluklar \u0131\u015f\u0131\u011f\u0131nda b\u00f6lgesel istikrar\u0131 sa\u011flamadaki &hellip;<\/p>\n","protected":false},"author":41,"featured_media":321122,"comment_status":"closed","ping_status":"closed","sticky":false,"template":"","format":"standard","meta":{"footnotes":""},"categories":[458,459,605,17988],"tags":[],"class_list":["post-321121","post","type-post","status-publish","format-standard","has-post-thumbnail","","category-dunya1","category-haberler-arap-uluslararasi-politika","category-sayin-cumhurbaskani","category-son-haberler"],"_links":{"self":[{"href":"https:\/\/archive.sana.sy\/tr\/index.php?rest_route=\/wp\/v2\/posts\/321121","targetHints":{"allow":["GET"]}}],"collection":[{"href":"https:\/\/archive.sana.sy\/tr\/index.php?rest_route=\/wp\/v2\/posts"}],"about":[{"href":"https:\/\/archive.sana.sy\/tr\/index.php?rest_route=\/wp\/v2\/types\/post"}],"author":[{"embeddable":true,"href":"https:\/\/archive.sana.sy\/tr\/index.php?rest_route=\/wp\/v2\/users\/41"}],"replies":[{"embeddable":true,"href":"https:\/\/archive.sana.sy\/tr\/index.php?rest_route=%2Fwp%2Fv2%2Fcomments&post=321121"}],"version-history":[{"count":1,"href":"https:\/\/archive.sana.sy\/tr\/index.php?rest_route=\/wp\/v2\/posts\/321121\/revisions"}],"predecessor-version":[{"id":321123,"href":"https:\/\/archive.sana.sy\/tr\/index.php?rest_route=\/wp\/v2\/posts\/321121\/revisions\/321123"}],"wp:featuredmedia":[{"embeddable":true,"href":"https:\/\/archive.sana.sy\/tr\/index.php?rest_route=\/wp\/v2\/media\/321122"}],"wp:attachment":[{"href":"https:\/\/archive.sana.sy\/tr\/index.php?rest_route=%2Fwp%2Fv2%2Fmedia&parent=321121"}],"wp:term":[{"taxonomy":"category","embeddable":true,"href":"https:\/\/archive.sana.sy\/tr\/index.php?rest_route=%2Fwp%2Fv2%2Fcategories&post=321121"},{"taxonomy":"post_tag","embeddable":true,"href":"https:\/\/archive.sana.sy\/tr\/index.php?rest_route=%2Fwp%2Fv2%2Ftags&post=321121"}],"curies":[{"name":"wp","href":"https:\/\/api.w.org\/{rel}","templated":true}]}}