{"id":321124,"date":"2025-05-11T18:01:58","date_gmt":"2025-05-11T15:01:58","guid":{"rendered":"https:\/\/sana.sy\/tr\/?p=321124"},"modified":"2025-05-14T09:03:32","modified_gmt":"2025-05-14T06:03:32","slug":"sivil-savunma-turkmen-dagindeki-yanginlar-siddetli-ruzgar-nedeniyle-buyuyor","status":"publish","type":"post","link":"https:\/\/archive.sana.sy\/tr\/?p=321124","title":{"rendered":"Sivil Savunma: T\u00fcrkmen Da\u011f\u0131n&#8217;deki Yang\u0131nlar \u015eiddetli R\u00fczgar Nedeniyle B\u00fcy\u00fcyor"},"content":{"rendered":"<p style=\"text-align: justify;\"><strong><span style=\"color: #800000;\">LAZK\u0130YE (SANA)-<\/span>\u00a0\u00a0<\/strong> Lazkiye k\u0131rsal\u0131ndaki T\u00fcrkmen Da\u011f\u0131 ormanlar\u0131nda be\u015finci g\u00fcn\u00fcne giren yang\u0131nlar\u0131 s\u00f6nd\u00fcrme \u00e7al\u0131\u015fmalar\u0131, \u015fiddetli r\u00fczgarlar ve y\u00fcksek s\u0131cakl\u0131klar nedeniyle zor ko\u015fullar alt\u0131nda devam ediyor.<\/p>\n<p style=\"text-align: justify;\">Suriye Sivil Savunma Lazkiye Sahil M\u00fcd\u00fcrl\u00fc\u011f\u00fc Ba\u015fkan\u0131 Abdulkafi Keyal, yapt\u0131\u011f\u0131 a\u00e7\u0131klamada, yang\u0131nlar\u0131n Rabia b\u00f6lgesinde ba\u015flad\u0131\u011f\u0131n\u0131 ve r\u00fczgar\u0131n etkisiyle Reyhaniye, Kasab ve Sekkari beldelerine kadar yay\u0131ld\u0131\u011f\u0131n\u0131 belirtti.<\/p>\n<p style=\"text-align: justify;\">Keyal ayr\u0131ca, sabah saatlerinde yang\u0131n\u0131n b\u00fcy\u00fck bir k\u0131sm\u0131n\u0131n kontrol alt\u0131na al\u0131nd\u0131\u011f\u0131n\u0131, ancak \u00f6\u011fleden sonra r\u00fczgar\u0131n etkisiyle alevlerin yeniden yay\u0131ld\u0131\u011f\u0131n\u0131 ve itfaiye ekiplerinin yang\u0131n\u0131n \u00e7evre k\u00f6ylere s\u0131\u00e7ramas\u0131n\u0131 \u00f6nlemek i\u00e7in yo\u011fun \u00e7aba sarf etti\u011fini ifade etti.<\/p>\n<p style=\"text-align: justify;\">Sivil savunma ekiplerinin, yang\u0131n\u0131n \u00e7\u0131kt\u0131\u011f\u0131 tepenin arkas\u0131ndaki vadiye ula\u015fmak amac\u0131yla b\u00f6lgede yeni yollar a\u00e7maya ba\u015flad\u0131\u011f\u0131n\u0131 belirten Keyal, \u00e7al\u0131\u015fmalardan olumlu sonu\u00e7 al\u0131nmas\u0131n\u0131 umduklar\u0131n\u0131 da kaydetti.<\/p>\n<div id='gallery-1' class='gallery galleryid-321124 gallery-columns-3 gallery-size-large'><figure class='gallery-item'>\n\t\t\t<div class='gallery-icon landscape'>\n\t\t\t\t<a href='https:\/\/archive.sana.sy\/tr\/?attachment_id=321126'><img loading=\"lazy\" decoding=\"async\" width=\"300\" height=\"225\" src=\"https:\/\/archive.sana.sy\/tr\/wp-content\/uploads\/2025\/05\/1111-3.jpg\" class=\"attachment-large size-large\" alt=\"\" \/><\/a>\n\t\t\t<\/div><\/figure><figure class='gallery-item'>\n\t\t\t<div class='gallery-icon landscape'>\n\t\t\t\t<a href='https:\/\/archive.sana.sy\/tr\/?attachment_id=321127'><img loading=\"lazy\" decoding=\"async\" width=\"150\" height=\"150\" src=\"https:\/\/archive.sana.sy\/tr\/wp-content\/uploads\/2025\/05\/111-4.jpg\" class=\"attachment-large size-large\" alt=\"\" \/><\/a>\n\t\t\t<\/div><\/figure><figure class='gallery-item'>\n\t\t\t<div class='gallery-icon landscape'>\n\t\t\t\t<a href='https:\/\/archive.sana.sy\/tr\/?attachment_id=321128'><img loading=\"lazy\" decoding=\"async\" width=\"150\" height=\"150\" src=\"https:\/\/archive.sana.sy\/tr\/wp-content\/uploads\/2025\/05\/11-8.jpg\" class=\"attachment-large size-large\" alt=\"\" \/><\/a>\n\t\t\t<\/div><\/figure>\n\t\t<\/div>\n\n","protected":false},"excerpt":{"rendered":"<p>LAZK\u0130YE (SANA)-\u00a0\u00a0 Lazkiye k\u0131rsal\u0131ndaki T\u00fcrkmen Da\u011f\u0131 ormanlar\u0131nda be\u015finci g\u00fcn\u00fcne giren yang\u0131nlar\u0131 s\u00f6nd\u00fcrme \u00e7al\u0131\u015fmalar\u0131, \u015fiddetli r\u00fczgarlar ve y\u00fcksek s\u0131cakl\u0131klar nedeniyle zor ko\u015fullar alt\u0131nda devam ediyor. Suriye Sivil Savunma Lazkiye Sahil M\u00fcd\u00fcrl\u00fc\u011f\u00fc Ba\u015fkan\u0131 Abdulkafi Keyal, yapt\u0131\u011f\u0131 a\u00e7\u0131klamada, yang\u0131nlar\u0131n Rabia b\u00f6lgesinde ba\u015flad\u0131\u011f\u0131n\u0131 ve r\u00fczgar\u0131n etkisiyle Reyhaniye, Kasab ve Sekkari beldelerine kadar yay\u0131ld\u0131\u011f\u0131n\u0131 belirtti. Keyal ayr\u0131ca, sabah saatlerinde yang\u0131n\u0131n &hellip;<\/p>\n","protected":false},"author":41,"featured_media":321125,"comment_status":"closed","ping_status":"closed","sticky":false,"template":"","format":"standard","meta":{"footnotes":""},"categories":[596,479,17988,478],"tags":[],"class_list":["post-321124","post","type-post","status-publish","format-standard","has-post-thumbnail","","category-fotografli-raporlar","category-haberler-yerel","category-son-haberler","category-yerel"],"_links":{"self":[{"href":"https:\/\/archive.sana.sy\/tr\/index.php?rest_route=\/wp\/v2\/posts\/321124","targetHints":{"allow":["GET"]}}],"collection":[{"href":"https:\/\/archive.sana.sy\/tr\/index.php?rest_route=\/wp\/v2\/posts"}],"about":[{"href":"https:\/\/archive.sana.sy\/tr\/index.php?rest_route=\/wp\/v2\/types\/post"}],"author":[{"embeddable":true,"href":"https:\/\/archive.sana.sy\/tr\/index.php?rest_route=\/wp\/v2\/users\/41"}],"replies":[{"embeddable":true,"href":"https:\/\/archive.sana.sy\/tr\/index.php?rest_route=%2Fwp%2Fv2%2Fcomments&post=321124"}],"version-history":[{"count":3,"href":"https:\/\/archive.sana.sy\/tr\/index.php?rest_route=\/wp\/v2\/posts\/321124\/revisions"}],"predecessor-version":[{"id":321194,"href":"https:\/\/archive.sana.sy\/tr\/index.php?rest_route=\/wp\/v2\/posts\/321124\/revisions\/321194"}],"wp:featuredmedia":[{"embeddable":true,"href":"https:\/\/archive.sana.sy\/tr\/index.php?rest_route=\/wp\/v2\/media\/321125"}],"wp:attachment":[{"href":"https:\/\/archive.sana.sy\/tr\/index.php?rest_route=%2Fwp%2Fv2%2Fmedia&parent=321124"}],"wp:term":[{"taxonomy":"category","embeddable":true,"href":"https:\/\/archive.sana.sy\/tr\/index.php?rest_route=%2Fwp%2Fv2%2Fcategories&post=321124"},{"taxonomy":"post_tag","embeddable":true,"href":"https:\/\/archive.sana.sy\/tr\/index.php?rest_route=%2Fwp%2Fv2%2Ftags&post=321124"}],"curies":[{"name":"wp","href":"https:\/\/api.w.org\/{rel}","templated":true}]}}