{"id":321132,"date":"2025-05-11T19:52:20","date_gmt":"2025-05-11T16:52:20","guid":{"rendered":"https:\/\/sana.sy\/tr\/?p=321132"},"modified":"2025-05-11T19:52:20","modified_gmt":"2025-05-11T16:52:20","slug":"genclik-ve-spor-bakani-turkiye-maslahatguzari-ile-spor-alanindaki-is-birligini-gorustu","status":"publish","type":"post","link":"https:\/\/archive.sana.sy\/tr\/?p=321132","title":{"rendered":"Gen\u00e7lik Ve Spor Bakan\u0131, T\u00fcrkiye Maslahatg\u00fczar\u0131 \u0130le Spor Alan\u0131ndaki \u0130\u015f Birli\u011fini G\u00f6r\u00fc\u015ft\u00fc"},"content":{"rendered":"<p style=\"text-align: justify;\"><span style=\"color: #800000;\"><strong>\u015eAM (SANA) &#8211; <\/strong><\/span>Gen\u00e7lik ve Spor Bakan\u0131 Muhammed Sameh El Hamid, T\u00fcrkiye&#8217;nin Suriye Maslahatg\u00fczar\u0131 B\u00fcy\u00fckel\u00e7i Burhan K\u00f6ro\u011flu ile Suriye ile T\u00fcrkiye aras\u0131nda spor ve gen\u00e7lik alan\u0131nda i\u015f birli\u011finin geli\u015ftirilmesi yollar\u0131n\u0131 g\u00f6r\u00fc\u015ft\u00fc.<\/p>\n<p style=\"text-align: justify;\">G\u00f6r\u00fc\u015fmede, Suriye sporunun ortak e\u011fitim programlar\u0131 arac\u0131l\u0131\u011f\u0131yla geli\u015ftirilmesi, altyap\u0131n\u0131n iyile\u015ftirilmesi ve modern spor ekipmanlar\u0131n\u0131n sa\u011flanmas\u0131 konular\u0131 ele al\u0131nd\u0131.<\/p>\n<p style=\"text-align: justify;\">G\u00f6r\u00fc\u015fmede ayr\u0131ca, T\u00fcrkiye&#8217;nin spor organizasyonlar\u0131 d\u00fczenleme konusundaki deneyimlerinden ders \u00e7\u0131kar\u0131lmas\u0131, uzmanl\u0131k payla\u015f\u0131m\u0131 yap\u0131lmas\u0131 ve Suriyeli sporcular\u0131 desteklemek amac\u0131yla e\u011fitim kamplar\u0131 d\u00fczenlenmesi konular\u0131 da masaya yat\u0131r\u0131ld\u0131.<\/p>\n","protected":false},"excerpt":{"rendered":"<p>\u015eAM (SANA) &#8211; Gen\u00e7lik ve Spor Bakan\u0131 Muhammed Sameh El Hamid, T\u00fcrkiye&#8217;nin Suriye Maslahatg\u00fczar\u0131 B\u00fcy\u00fckel\u00e7i Burhan K\u00f6ro\u011flu ile Suriye ile T\u00fcrkiye aras\u0131nda spor ve gen\u00e7lik alan\u0131nda i\u015f birli\u011finin geli\u015ftirilmesi yollar\u0131n\u0131 g\u00f6r\u00fc\u015ft\u00fc. G\u00f6r\u00fc\u015fmede, Suriye sporunun ortak e\u011fitim programlar\u0131 arac\u0131l\u0131\u011f\u0131yla geli\u015ftirilmesi, altyap\u0131n\u0131n iyile\u015ftirilmesi ve modern spor ekipmanlar\u0131n\u0131n sa\u011flanmas\u0131 konular\u0131 ele al\u0131nd\u0131. G\u00f6r\u00fc\u015fmede ayr\u0131ca, T\u00fcrkiye&#8217;nin spor organizasyonlar\u0131 d\u00fczenleme &hellip;<\/p>\n","protected":false},"author":41,"featured_media":321133,"comment_status":"closed","ping_status":"closed","sticky":false,"template":"","format":"standard","meta":{"footnotes":""},"categories":[589,17988,496,2555],"tags":[],"class_list":["post-321132","post","type-post","status-publish","format-standard","has-post-thumbnail","","category-haber-seridi","category-son-haberler","category-spor","category-suriye-ve-turkiye"],"_links":{"self":[{"href":"https:\/\/archive.sana.sy\/tr\/index.php?rest_route=\/wp\/v2\/posts\/321132","targetHints":{"allow":["GET"]}}],"collection":[{"href":"https:\/\/archive.sana.sy\/tr\/index.php?rest_route=\/wp\/v2\/posts"}],"about":[{"href":"https:\/\/archive.sana.sy\/tr\/index.php?rest_route=\/wp\/v2\/types\/post"}],"author":[{"embeddable":true,"href":"https:\/\/archive.sana.sy\/tr\/index.php?rest_route=\/wp\/v2\/users\/41"}],"replies":[{"embeddable":true,"href":"https:\/\/archive.sana.sy\/tr\/index.php?rest_route=%2Fwp%2Fv2%2Fcomments&post=321132"}],"version-history":[{"count":1,"href":"https:\/\/archive.sana.sy\/tr\/index.php?rest_route=\/wp\/v2\/posts\/321132\/revisions"}],"predecessor-version":[{"id":321134,"href":"https:\/\/archive.sana.sy\/tr\/index.php?rest_route=\/wp\/v2\/posts\/321132\/revisions\/321134"}],"wp:featuredmedia":[{"embeddable":true,"href":"https:\/\/archive.sana.sy\/tr\/index.php?rest_route=\/wp\/v2\/media\/321133"}],"wp:attachment":[{"href":"https:\/\/archive.sana.sy\/tr\/index.php?rest_route=%2Fwp%2Fv2%2Fmedia&parent=321132"}],"wp:term":[{"taxonomy":"category","embeddable":true,"href":"https:\/\/archive.sana.sy\/tr\/index.php?rest_route=%2Fwp%2Fv2%2Fcategories&post=321132"},{"taxonomy":"post_tag","embeddable":true,"href":"https:\/\/archive.sana.sy\/tr\/index.php?rest_route=%2Fwp%2Fv2%2Ftags&post=321132"}],"curies":[{"name":"wp","href":"https:\/\/api.w.org\/{rel}","templated":true}]}}