{"id":321136,"date":"2025-05-12T08:28:36","date_gmt":"2025-05-12T05:28:36","guid":{"rendered":"https:\/\/sana.sy\/tr\/?p=321136"},"modified":"2025-05-14T09:04:12","modified_gmt":"2025-05-14T06:04:12","slug":"cumhurbaskani-el-sara-adalet-bakani-ile-hukukun-ustunlugunun-guclendirilmesi-ve-adalet-sisteminin-gelistirilmesini-gorustu","status":"publish","type":"post","link":"https:\/\/archive.sana.sy\/tr\/?p=321136","title":{"rendered":"Cumhurba\u015fkan\u0131 El \u015eara, Adalet Bakan\u0131 \u0130le Hukukun \u00dcst\u00fcnl\u00fc\u011f\u00fcn\u00fcn G\u00fc\u00e7lendirilmesi ve Adalet Sisteminin Geli\u015ftirilmesini G\u00f6r\u00fc\u015ft\u00fc"},"content":{"rendered":"<p style=\"text-align: justify;\"><span style=\"color: #800000;\"><strong>\u015eAM (SANA) &#8211; <\/strong><\/span>Cumhurba\u015fkan\u0131 Say\u0131n Ahmed El \u015eara, Adalet Bakan\u0131 Say\u0131n Mazher El Veys ile bir araya geldi ve toplant\u0131da Adalet Bakanl\u0131\u011f\u0131&#8217;n\u0131n bir sonraki a\u015famaya ili\u015fkin planlar\u0131 g\u00f6r\u00fc\u015ft\u00fc.<\/p>\n<p style=\"text-align: justify;\">Hukukun \u00fcst\u00fcnl\u00fc\u011f\u00fcn\u00fc g\u00fc\u00e7lendirmenin ve adalet sistemini geli\u015ftirmenin yollar\u0131 da g\u00f6r\u00fc\u015f\u00fcrken, yarg\u0131 reformunun h\u0131zland\u0131r\u0131lmas\u0131, adaletin sa\u011flanmas\u0131 i\u00e7in yarg\u0131 ba\u011f\u0131ms\u0131zl\u0131\u011f\u0131n\u0131n sa\u011flanmas\u0131, hizmet kalitesinin sa\u011flanmas\u0131 i\u00e7in altyap\u0131n\u0131n yeniden d\u00fczenlenmesi ve ge\u00e7i\u015f d\u00f6nemi adaletinin sa\u011flanmas\u0131 i\u00e7in titizlikle \u00e7al\u0131\u015fman\u0131n yan\u0131 s\u0131ra, yerinden edilmi\u015f ki\u015filerin geri d\u00f6n\u00fc\u015flerine tan\u0131k olan b\u00f6lgelerde mahkemelerin yeniden faaliyete ge\u00e7irilmesinin \u00f6nemi vurguland\u0131.<\/p>\n<div id='gallery-1' class='gallery galleryid-321136 gallery-columns-1 gallery-size-full'><figure class='gallery-item'>\n\t\t\t<div class='gallery-icon landscape'>\n\t\t\t\t<a href='https:\/\/archive.sana.sy\/tr\/wp-content\/uploads\/2025\/05\/photo_2025-05-11_23-19-21-copy.jpg'><img loading=\"lazy\" decoding=\"async\" width=\"660\" height=\"370\" src=\"https:\/\/archive.sana.sy\/tr\/wp-content\/uploads\/2025\/05\/photo_2025-05-11_23-19-21-copy.jpg\" class=\"attachment-full size-full\" alt=\"\" srcset=\"https:\/\/archive.sana.sy\/tr\/wp-content\/uploads\/2025\/05\/photo_2025-05-11_23-19-21-copy.jpg 660w, https:\/\/archive.sana.sy\/tr\/wp-content\/uploads\/2025\/05\/photo_2025-05-11_23-19-21-copy-300x168.jpg 300w\" sizes=\"auto, (max-width: 660px) 100vw, 660px\" \/><\/a>\n\t\t\t<\/div><\/figure><figure class='gallery-item'>\n\t\t\t<div class='gallery-icon landscape'>\n\t\t\t\t<a href='https:\/\/archive.sana.sy\/tr\/wp-content\/uploads\/2025\/05\/photo_2025-05-11_23-19-41-copy.jpg'><img loading=\"lazy\" decoding=\"async\" width=\"660\" height=\"370\" src=\"https:\/\/archive.sana.sy\/tr\/wp-content\/uploads\/2025\/05\/photo_2025-05-11_23-19-41-copy.jpg\" class=\"attachment-full size-full\" alt=\"\" srcset=\"https:\/\/archive.sana.sy\/tr\/wp-content\/uploads\/2025\/05\/photo_2025-05-11_23-19-41-copy.jpg 660w, https:\/\/archive.sana.sy\/tr\/wp-content\/uploads\/2025\/05\/photo_2025-05-11_23-19-41-copy-300x168.jpg 300w\" sizes=\"auto, (max-width: 660px) 100vw, 660px\" \/><\/a>\n\t\t\t<\/div><\/figure><figure class='gallery-item'>\n\t\t\t<div class='gallery-icon landscape'>\n\t\t\t\t<a href='https:\/\/archive.sana.sy\/tr\/wp-content\/uploads\/2025\/05\/photo_2025-05-11_23-19-48-copy.jpg'><img loading=\"lazy\" decoding=\"async\" width=\"660\" height=\"370\" src=\"https:\/\/archive.sana.sy\/tr\/wp-content\/uploads\/2025\/05\/photo_2025-05-11_23-19-48-copy.jpg\" class=\"attachment-full size-full\" alt=\"\" srcset=\"https:\/\/archive.sana.sy\/tr\/wp-content\/uploads\/2025\/05\/photo_2025-05-11_23-19-48-copy.jpg 660w, https:\/\/archive.sana.sy\/tr\/wp-content\/uploads\/2025\/05\/photo_2025-05-11_23-19-48-copy-300x168.jpg 300w\" sizes=\"auto, (max-width: 660px) 100vw, 660px\" \/><\/a>\n\t\t\t<\/div><\/figure>\n\t\t<\/div>\n\n","protected":false},"excerpt":{"rendered":"<p>\u015eAM (SANA) &#8211; Cumhurba\u015fkan\u0131 Say\u0131n Ahmed El \u015eara, Adalet Bakan\u0131 Say\u0131n Mazher El Veys ile bir araya geldi ve toplant\u0131da Adalet Bakanl\u0131\u011f\u0131&#8217;n\u0131n bir sonraki a\u015famaya ili\u015fkin planlar\u0131 g\u00f6r\u00fc\u015ft\u00fc. Hukukun \u00fcst\u00fcnl\u00fc\u011f\u00fcn\u00fc g\u00fc\u00e7lendirmenin ve adalet sistemini geli\u015ftirmenin yollar\u0131 da g\u00f6r\u00fc\u015f\u00fcrken, yarg\u0131 reformunun h\u0131zland\u0131r\u0131lmas\u0131, adaletin sa\u011flanmas\u0131 i\u00e7in yarg\u0131 ba\u011f\u0131ms\u0131zl\u0131\u011f\u0131n\u0131n sa\u011flanmas\u0131, hizmet kalitesinin sa\u011flanmas\u0131 i\u00e7in altyap\u0131n\u0131n yeniden d\u00fczenlenmesi ve &hellip;<\/p>\n","protected":false},"author":36,"featured_media":321140,"comment_status":"closed","ping_status":"closed","sticky":false,"template":"","format":"standard","meta":{"footnotes":""},"categories":[606,605,17988],"tags":[],"class_list":["post-321136","post","type-post","status-publish","format-standard","has-post-thumbnail","","category-cumhurbaskani","category-sayin-cumhurbaskani","category-son-haberler"],"_links":{"self":[{"href":"https:\/\/archive.sana.sy\/tr\/index.php?rest_route=\/wp\/v2\/posts\/321136","targetHints":{"allow":["GET"]}}],"collection":[{"href":"https:\/\/archive.sana.sy\/tr\/index.php?rest_route=\/wp\/v2\/posts"}],"about":[{"href":"https:\/\/archive.sana.sy\/tr\/index.php?rest_route=\/wp\/v2\/types\/post"}],"author":[{"embeddable":true,"href":"https:\/\/archive.sana.sy\/tr\/index.php?rest_route=\/wp\/v2\/users\/36"}],"replies":[{"embeddable":true,"href":"https:\/\/archive.sana.sy\/tr\/index.php?rest_route=%2Fwp%2Fv2%2Fcomments&post=321136"}],"version-history":[{"count":1,"href":"https:\/\/archive.sana.sy\/tr\/index.php?rest_route=\/wp\/v2\/posts\/321136\/revisions"}],"predecessor-version":[{"id":321141,"href":"https:\/\/archive.sana.sy\/tr\/index.php?rest_route=\/wp\/v2\/posts\/321136\/revisions\/321141"}],"wp:featuredmedia":[{"embeddable":true,"href":"https:\/\/archive.sana.sy\/tr\/index.php?rest_route=\/wp\/v2\/media\/321140"}],"wp:attachment":[{"href":"https:\/\/archive.sana.sy\/tr\/index.php?rest_route=%2Fwp%2Fv2%2Fmedia&parent=321136"}],"wp:term":[{"taxonomy":"category","embeddable":true,"href":"https:\/\/archive.sana.sy\/tr\/index.php?rest_route=%2Fwp%2Fv2%2Fcategories&post=321136"},{"taxonomy":"post_tag","embeddable":true,"href":"https:\/\/archive.sana.sy\/tr\/index.php?rest_route=%2Fwp%2Fv2%2Ftags&post=321136"}],"curies":[{"name":"wp","href":"https:\/\/api.w.org\/{rel}","templated":true}]}}