{"id":321142,"date":"2025-05-12T09:48:31","date_gmt":"2025-05-12T06:48:31","guid":{"rendered":"https:\/\/sana.sy\/tr\/?p=321142"},"modified":"2025-05-12T17:33:49","modified_gmt":"2025-05-12T14:33:49","slug":"suriye-suudi-arabistanda-arap-avrupa-sehirleri-diyalog-forumunun-acilisina-katildi","status":"publish","type":"post","link":"https:\/\/archive.sana.sy\/tr\/?p=321142","title":{"rendered":"Suriye, Suudi Arabistan&#8217;da Arap-Avrupa \u015eehirleri Diyalog Forumu&#8217;nun A\u00e7\u0131l\u0131\u015f\u0131na Kat\u0131ld\u0131"},"content":{"rendered":"<p style=\"text-align: justify;\"><span style=\"color: #800000;\"><strong>\u015eAM (SANA) &#8211;\u00a0 <\/strong><\/span>\u015eam Valisi Mahir Muhammad Mervan, Suudi Arabistan Krall\u0131\u011f\u0131 Riyad B\u00f6lgesi Belediyesi taraf\u0131ndan Arap \u015eehir Geli\u015fimi Enstit\u00fcs\u00fc, Avrupa Belediyeler ve B\u00f6lgeler Birli\u011fi&#8217;nin PLATFORMA platformu ve Hollanda Belediyeler Birli\u011fi Uluslararas\u0131 Ajans\u0131 i\u015fbirli\u011fiyle &#8220;Daha \u0130yi Bir Gelecek i\u00e7in \u015eehir Ortakl\u0131klar\u0131&#8221; slogan\u0131 alt\u0131nda d\u00fczenlenen Arap-Avrupa \u015eehirleri Diyalog Forumu&#8217;nun a\u00e7\u0131l\u0131\u015f\u0131na kat\u0131ld\u0131.<\/p>\n<p style=\"text-align: justify;\">\u015eam Valili\u011fi, Telegram kanal\u0131nda yapt\u0131\u011f\u0131 a\u00e7\u0131klamada, bu kat\u0131l\u0131m\u0131n, kalk\u0131nma yollar\u0131n\u0131n desteklenmesine ve \u015fehir d\u00fczeyinde s\u00fcrd\u00fcr\u00fclebilir kalk\u0131nman\u0131n sa\u011flanmas\u0131na katk\u0131da bulunan y\u00f6netim ve kentsel geli\u015fim alan\u0131nda i\u015fbirli\u011fini, ortakl\u0131klar\u0131 ve deneyim al\u0131\u015fveri\u015fini g\u00fc\u00e7lendirme konusundaki isteklili\u011fi \u00e7er\u00e7evesinde ger\u00e7ekle\u015fti\u011fini belirtti. \u200f<\/p>\n","protected":false},"excerpt":{"rendered":"<p>\u015eAM (SANA) &#8211;\u00a0 \u015eam Valisi Mahir Muhammad Mervan, Suudi Arabistan Krall\u0131\u011f\u0131 Riyad B\u00f6lgesi Belediyesi taraf\u0131ndan Arap \u015eehir Geli\u015fimi Enstit\u00fcs\u00fc, Avrupa Belediyeler ve B\u00f6lgeler Birli\u011fi&#8217;nin PLATFORMA platformu ve Hollanda Belediyeler Birli\u011fi Uluslararas\u0131 Ajans\u0131 i\u015fbirli\u011fiyle &#8220;Daha \u0130yi Bir Gelecek i\u00e7in \u015eehir Ortakl\u0131klar\u0131&#8221; slogan\u0131 alt\u0131nda d\u00fczenlenen Arap-Avrupa \u015eehirleri Diyalog Forumu&#8217;nun a\u00e7\u0131l\u0131\u015f\u0131na kat\u0131ld\u0131. \u015eam Valili\u011fi, Telegram kanal\u0131nda yapt\u0131\u011f\u0131 a\u00e7\u0131klamada, &hellip;<\/p>\n","protected":false},"author":36,"featured_media":321143,"comment_status":"closed","ping_status":"closed","sticky":false,"template":"","format":"standard","meta":{"footnotes":""},"categories":[589,479,17988,478],"tags":[],"class_list":["post-321142","post","type-post","status-publish","format-standard","has-post-thumbnail","","category-haber-seridi","category-haberler-yerel","category-son-haberler","category-yerel"],"_links":{"self":[{"href":"https:\/\/archive.sana.sy\/tr\/index.php?rest_route=\/wp\/v2\/posts\/321142","targetHints":{"allow":["GET"]}}],"collection":[{"href":"https:\/\/archive.sana.sy\/tr\/index.php?rest_route=\/wp\/v2\/posts"}],"about":[{"href":"https:\/\/archive.sana.sy\/tr\/index.php?rest_route=\/wp\/v2\/types\/post"}],"author":[{"embeddable":true,"href":"https:\/\/archive.sana.sy\/tr\/index.php?rest_route=\/wp\/v2\/users\/36"}],"replies":[{"embeddable":true,"href":"https:\/\/archive.sana.sy\/tr\/index.php?rest_route=%2Fwp%2Fv2%2Fcomments&post=321142"}],"version-history":[{"count":2,"href":"https:\/\/archive.sana.sy\/tr\/index.php?rest_route=\/wp\/v2\/posts\/321142\/revisions"}],"predecessor-version":[{"id":321145,"href":"https:\/\/archive.sana.sy\/tr\/index.php?rest_route=\/wp\/v2\/posts\/321142\/revisions\/321145"}],"wp:featuredmedia":[{"embeddable":true,"href":"https:\/\/archive.sana.sy\/tr\/index.php?rest_route=\/wp\/v2\/media\/321143"}],"wp:attachment":[{"href":"https:\/\/archive.sana.sy\/tr\/index.php?rest_route=%2Fwp%2Fv2%2Fmedia&parent=321142"}],"wp:term":[{"taxonomy":"category","embeddable":true,"href":"https:\/\/archive.sana.sy\/tr\/index.php?rest_route=%2Fwp%2Fv2%2Fcategories&post=321142"},{"taxonomy":"post_tag","embeddable":true,"href":"https:\/\/archive.sana.sy\/tr\/index.php?rest_route=%2Fwp%2Fv2%2Ftags&post=321142"}],"curies":[{"name":"wp","href":"https:\/\/api.w.org\/{rel}","templated":true}]}}