{"id":321154,"date":"2025-05-12T14:48:35","date_gmt":"2025-05-12T11:48:35","guid":{"rendered":"https:\/\/sana.sy\/tr\/?p=321154"},"modified":"2025-05-14T11:46:04","modified_gmt":"2025-05-14T08:46:04","slug":"bakan-el-seybani-ankarada-turk-mevkidasi-fidan-ile-gorustu","status":"publish","type":"post","link":"https:\/\/archive.sana.sy\/tr\/?p=321154","title":{"rendered":"Bakan El \u015eeybani Ankara&#8217;da T\u00fcrk Mevkida\u015f\u0131 Fidan \u0130le G\u00f6r\u00fc\u015ft\u00fc"},"content":{"rendered":"<p style=\"text-align: justify;\"><span style=\"color: #800000;\"><strong>ANKARA(SANA)-<\/strong><\/span> D\u0131\u015fi\u015fleri ve Gurbet\u00e7iler Bakan\u0131 Say\u0131n Asaad Hassan El \u015eeybani, \u00e7e\u015fitli ortak g\u00fcvenlik ve ekonomi dosyalar\u0131n\u0131 g\u00f6r\u00fc\u015fmek \u00fczere Suriye, T\u00fcrkiye ve \u00dcrd\u00fcn d\u0131\u015fi\u015fleri bakanlar\u0131n\u0131n da kat\u0131ld\u0131\u011f\u0131 \u00fc\u00e7l\u00fc toplant\u0131n\u0131n oturum aralar\u0131nda T\u00fcrkiye D\u0131\u015fi\u015fleri Bakan\u0131 Say\u0131n Hakan Fidan ile Ankara&#8217;da bir araya geldi.<\/p>\n<div id='gallery-1' class='gallery galleryid-321154 gallery-columns-1 gallery-size-full'><figure class='gallery-item'>\n\t\t\t<div class='gallery-icon landscape'>\n\t\t\t\t<a href='https:\/\/archive.sana.sy\/tr\/?attachment_id=321155'><img loading=\"lazy\" decoding=\"async\" width=\"660\" height=\"458\" src=\"https:\/\/archive.sana.sy\/tr\/wp-content\/uploads\/2025\/05\/22-2.jpg\" class=\"attachment-full size-full\" alt=\"\" srcset=\"https:\/\/archive.sana.sy\/tr\/wp-content\/uploads\/2025\/05\/22-2.jpg 660w, https:\/\/archive.sana.sy\/tr\/wp-content\/uploads\/2025\/05\/22-2-300x208.jpg 300w, https:\/\/archive.sana.sy\/tr\/wp-content\/uploads\/2025\/05\/22-2-110x75.jpg 110w\" sizes=\"auto, (max-width: 660px) 100vw, 660px\" \/><\/a>\n\t\t\t<\/div><\/figure><figure class='gallery-item'>\n\t\t\t<div class='gallery-icon landscape'>\n\t\t\t\t<a href='https:\/\/archive.sana.sy\/tr\/?attachment_id=321156'><img loading=\"lazy\" decoding=\"async\" width=\"660\" height=\"371\" src=\"https:\/\/archive.sana.sy\/tr\/wp-content\/uploads\/2025\/05\/33-1.jpg\" class=\"attachment-full size-full\" alt=\"\" srcset=\"https:\/\/archive.sana.sy\/tr\/wp-content\/uploads\/2025\/05\/33-1.jpg 660w, https:\/\/archive.sana.sy\/tr\/wp-content\/uploads\/2025\/05\/33-1-300x169.jpg 300w\" sizes=\"auto, (max-width: 660px) 100vw, 660px\" \/><\/a>\n\t\t\t<\/div><\/figure>\n\t\t<\/div>\n\n","protected":false},"excerpt":{"rendered":"<p>ANKARA(SANA)- D\u0131\u015fi\u015fleri ve Gurbet\u00e7iler Bakan\u0131 Say\u0131n Asaad Hassan El \u015eeybani, \u00e7e\u015fitli ortak g\u00fcvenlik ve ekonomi dosyalar\u0131n\u0131 g\u00f6r\u00fc\u015fmek \u00fczere Suriye, T\u00fcrkiye ve \u00dcrd\u00fcn d\u0131\u015fi\u015fleri bakanlar\u0131n\u0131n da kat\u0131ld\u0131\u011f\u0131 \u00fc\u00e7l\u00fc toplant\u0131n\u0131n oturum aralar\u0131nda T\u00fcrkiye D\u0131\u015fi\u015fleri Bakan\u0131 Say\u0131n Hakan Fidan ile Ankara&#8217;da bir araya geldi.<\/p>\n","protected":false},"author":36,"featured_media":321157,"comment_status":"closed","ping_status":"closed","sticky":false,"template":"","format":"standard","meta":{"footnotes":""},"categories":[458,459,17988,2555],"tags":[43867],"class_list":["post-321154","post","type-post","status-publish","format-standard","has-post-thumbnail","","category-dunya1","category-haberler-arap-uluslararasi-politika","category-son-haberler","category-suriye-ve-turkiye","tag-bakan-el-seybani-ankarada-turk-mevkidasi-fidan-ile-gorustu"],"_links":{"self":[{"href":"https:\/\/archive.sana.sy\/tr\/index.php?rest_route=\/wp\/v2\/posts\/321154","targetHints":{"allow":["GET"]}}],"collection":[{"href":"https:\/\/archive.sana.sy\/tr\/index.php?rest_route=\/wp\/v2\/posts"}],"about":[{"href":"https:\/\/archive.sana.sy\/tr\/index.php?rest_route=\/wp\/v2\/types\/post"}],"author":[{"embeddable":true,"href":"https:\/\/archive.sana.sy\/tr\/index.php?rest_route=\/wp\/v2\/users\/36"}],"replies":[{"embeddable":true,"href":"https:\/\/archive.sana.sy\/tr\/index.php?rest_route=%2Fwp%2Fv2%2Fcomments&post=321154"}],"version-history":[{"count":3,"href":"https:\/\/archive.sana.sy\/tr\/index.php?rest_route=\/wp\/v2\/posts\/321154\/revisions"}],"predecessor-version":[{"id":321160,"href":"https:\/\/archive.sana.sy\/tr\/index.php?rest_route=\/wp\/v2\/posts\/321154\/revisions\/321160"}],"wp:featuredmedia":[{"embeddable":true,"href":"https:\/\/archive.sana.sy\/tr\/index.php?rest_route=\/wp\/v2\/media\/321157"}],"wp:attachment":[{"href":"https:\/\/archive.sana.sy\/tr\/index.php?rest_route=%2Fwp%2Fv2%2Fmedia&parent=321154"}],"wp:term":[{"taxonomy":"category","embeddable":true,"href":"https:\/\/archive.sana.sy\/tr\/index.php?rest_route=%2Fwp%2Fv2%2Fcategories&post=321154"},{"taxonomy":"post_tag","embeddable":true,"href":"https:\/\/archive.sana.sy\/tr\/index.php?rest_route=%2Fwp%2Fv2%2Ftags&post=321154"}],"curies":[{"name":"wp","href":"https:\/\/api.w.org\/{rel}","templated":true}]}}