{"id":321169,"date":"2025-05-13T09:11:21","date_gmt":"2025-05-13T06:11:21","guid":{"rendered":"https:\/\/sana.sy\/tr\/?p=321169"},"modified":"2025-05-14T11:46:28","modified_gmt":"2025-05-14T08:46:28","slug":"disisleri-bakanligi-abd-baskani-trumpin-suriyeye-uygulanan-yaptirimlarin-kaldirilmasi-ihtimaline-iliskin-aciklamalarini-memnuniyetle-karsiladi","status":"publish","type":"post","link":"https:\/\/archive.sana.sy\/tr\/?p=321169","title":{"rendered":"D\u0131\u015fi\u015fleri Bakanl\u0131\u011f\u0131, ABD Ba\u015fkan\u0131 Trump&#8217;\u0131n Suriye&#8217;ye Uygulanan Yapt\u0131r\u0131mlar\u0131n Kald\u0131r\u0131lmas\u0131 \u0130htimaline \u0130li\u015fkin A\u00e7\u0131klamalar\u0131n\u0131 Memnuniyetle Kar\u015f\u0131lad\u0131"},"content":{"rendered":"<p style=\"text-align: justify;\"><span style=\"color: #800000;\"><strong>\u015eAM (SANA) &#8211; <\/strong><\/span>Suriye Arap Cumhuriyeti D\u0131\u015fi\u015fleri ve Gurbet\u00e7iler Bakanl\u0131\u011f\u0131, ABD Ba\u015fkan\u0131 Donald Trump&#8217;\u0131n Suriye&#8217;ye uygulanan yapt\u0131r\u0131mlar\u0131n kald\u0131r\u0131lmas\u0131 ihtimaline ili\u015fkin yapt\u0131\u011f\u0131 a\u00e7\u0131klamalar\u0131 memnuniyetle kar\u015f\u0131larken, bu a\u00e7\u0131klamalar\u0131n Suriye halk\u0131n\u0131n \u00e7ekti\u011fi ac\u0131lar\u0131n son bulmas\u0131 y\u00f6n\u00fcnde at\u0131lm\u0131\u015f cesaretlendirici bir ad\u0131m oldu\u011funu de\u011ferlendirdi.<\/p>\n<p style=\"text-align: justify;\">Bakanl\u0131k, Telegram kanal\u0131nda yay\u0131mlad\u0131\u011f\u0131 bas\u0131n a\u00e7\u0131klamas\u0131nda, &#8220;Bu yapt\u0131r\u0131mlar daha \u00f6nce eski diktat\u00f6r Esad rejimine uygulanm\u0131\u015f ve onun \u00e7\u00f6k\u00fc\u015f\u00fcne katk\u0131da bulunmu\u015f olsa da, art\u0131k do\u011frudan Suriye halk\u0131n\u0131 hedef almakta ve toparlanma ve yeniden yap\u0131lanma s\u00fcrecini engellemektedir&#8221; ifadelerine yer verdi.<\/p>\n<p style=\"text-align: justify;\">Bakanl\u0131k, &#8220;Suriye halk\u0131, Suriye ve b\u00f6lgede bar\u0131\u015f ve refah\u0131 destekleyen, istikrar ve kalk\u0131nmay\u0131 art\u0131ran yap\u0131c\u0131 uluslararas\u0131 i\u015f birli\u011finin \u00f6n\u00fcn\u00fc a\u00e7an ad\u0131mlar kapsam\u0131nda yapt\u0131r\u0131mlar\u0131n tamamen kald\u0131r\u0131lmas\u0131n\u0131 sab\u0131rs\u0131zl\u0131kla bekliyor&#8221; ifadelerini kulland\u0131.<\/p>\n","protected":false},"excerpt":{"rendered":"<p>\u015eAM (SANA) &#8211; Suriye Arap Cumhuriyeti D\u0131\u015fi\u015fleri ve Gurbet\u00e7iler Bakanl\u0131\u011f\u0131, ABD Ba\u015fkan\u0131 Donald Trump&#8217;\u0131n Suriye&#8217;ye uygulanan yapt\u0131r\u0131mlar\u0131n kald\u0131r\u0131lmas\u0131 ihtimaline ili\u015fkin yapt\u0131\u011f\u0131 a\u00e7\u0131klamalar\u0131 memnuniyetle kar\u015f\u0131larken, bu a\u00e7\u0131klamalar\u0131n Suriye halk\u0131n\u0131n \u00e7ekti\u011fi ac\u0131lar\u0131n son bulmas\u0131 y\u00f6n\u00fcnde at\u0131lm\u0131\u015f cesaretlendirici bir ad\u0131m oldu\u011funu de\u011ferlendirdi. Bakanl\u0131k, Telegram kanal\u0131nda yay\u0131mlad\u0131\u011f\u0131 bas\u0131n a\u00e7\u0131klamas\u0131nda, &#8220;Bu yapt\u0131r\u0131mlar daha \u00f6nce eski diktat\u00f6r Esad rejimine uygulanm\u0131\u015f ve &hellip;<\/p>\n","protected":false},"author":36,"featured_media":321170,"comment_status":"closed","ping_status":"closed","sticky":false,"template":"","format":"standard","meta":{"footnotes":""},"categories":[458,459,479,17988,478],"tags":[],"class_list":["post-321169","post","type-post","status-publish","format-standard","has-post-thumbnail","","category-dunya1","category-haberler-arap-uluslararasi-politika","category-haberler-yerel","category-son-haberler","category-yerel"],"_links":{"self":[{"href":"https:\/\/archive.sana.sy\/tr\/index.php?rest_route=\/wp\/v2\/posts\/321169","targetHints":{"allow":["GET"]}}],"collection":[{"href":"https:\/\/archive.sana.sy\/tr\/index.php?rest_route=\/wp\/v2\/posts"}],"about":[{"href":"https:\/\/archive.sana.sy\/tr\/index.php?rest_route=\/wp\/v2\/types\/post"}],"author":[{"embeddable":true,"href":"https:\/\/archive.sana.sy\/tr\/index.php?rest_route=\/wp\/v2\/users\/36"}],"replies":[{"embeddable":true,"href":"https:\/\/archive.sana.sy\/tr\/index.php?rest_route=%2Fwp%2Fv2%2Fcomments&post=321169"}],"version-history":[{"count":1,"href":"https:\/\/archive.sana.sy\/tr\/index.php?rest_route=\/wp\/v2\/posts\/321169\/revisions"}],"predecessor-version":[{"id":321171,"href":"https:\/\/archive.sana.sy\/tr\/index.php?rest_route=\/wp\/v2\/posts\/321169\/revisions\/321171"}],"wp:featuredmedia":[{"embeddable":true,"href":"https:\/\/archive.sana.sy\/tr\/index.php?rest_route=\/wp\/v2\/media\/321170"}],"wp:attachment":[{"href":"https:\/\/archive.sana.sy\/tr\/index.php?rest_route=%2Fwp%2Fv2%2Fmedia&parent=321169"}],"wp:term":[{"taxonomy":"category","embeddable":true,"href":"https:\/\/archive.sana.sy\/tr\/index.php?rest_route=%2Fwp%2Fv2%2Fcategories&post=321169"},{"taxonomy":"post_tag","embeddable":true,"href":"https:\/\/archive.sana.sy\/tr\/index.php?rest_route=%2Fwp%2Fv2%2Ftags&post=321169"}],"curies":[{"name":"wp","href":"https:\/\/api.w.org\/{rel}","templated":true}]}}