{"id":321175,"date":"2025-05-13T11:47:32","date_gmt":"2025-05-13T08:47:32","guid":{"rendered":"https:\/\/sana.sy\/tr\/?p=321175"},"modified":"2025-05-13T11:47:32","modified_gmt":"2025-05-13T08:47:32","slug":"enerji-bakani-su-meselesini-ve-zorluklarini-cok-sayida-insani-yardim-kurulusu-temsilcisiyle-gorustu","status":"publish","type":"post","link":"https:\/\/archive.sana.sy\/tr\/?p=321175","title":{"rendered":"Enerji Bakan\u0131, Su Meselesini ve Zorluklar\u0131n\u0131 \u00c7ok Say\u0131da \u0130nsani Yard\u0131m Kurulu\u015fu Temsilcisiyle G\u00f6r\u00fc\u015ft\u00fc"},"content":{"rendered":"<p style=\"text-align: justify;\"><span style=\"color: #800000;\"><strong>\u015eAM (SANA) &#8211; <\/strong><\/span>Enerji Bakan\u0131 M\u00fch. Muhammed El Be\u015fir, \u00e7ok say\u0131da insani yard\u0131m kurulu\u015fu temsilcisiyle su meselesini ve bu hayati sekt\u00f6r\u00fcn kar\u015f\u0131 kar\u015f\u0131ya oldu\u011fu zorluklar\u0131 g\u00f6r\u00fc\u015ft\u00fc.<\/p>\n<p style=\"text-align: justify;\">\u015eam&#8217;daki bakanl\u0131k binas\u0131nda d\u00fczenlenen toplant\u0131da, su kaynaklar\u0131n\u0131n s\u00fcrd\u00fcr\u00fclebilirli\u011fini sa\u011flamak ve en \u00e7ok ihtiya\u00e7 duyulan b\u00f6lgelere su teminine eri\u015fimi iyile\u015ftirmek amac\u0131yla bakanl\u0131k ve ilgili kurulu\u015flar aras\u0131ndaki i\u015f birli\u011finin art\u0131r\u0131lmas\u0131 yollar\u0131 ele al\u0131nd\u0131.<\/p>\n<p style=\"text-align: justify;\">Toplant\u0131da ayr\u0131ca bu sekt\u00f6r\u00fc etkileyen en \u00f6nemli teknik ve lojistik zorluklar da ele al\u0131nd\u0131.<\/p>\n","protected":false},"excerpt":{"rendered":"<p>\u015eAM (SANA) &#8211; Enerji Bakan\u0131 M\u00fch. Muhammed El Be\u015fir, \u00e7ok say\u0131da insani yard\u0131m kurulu\u015fu temsilcisiyle su meselesini ve bu hayati sekt\u00f6r\u00fcn kar\u015f\u0131 kar\u015f\u0131ya oldu\u011fu zorluklar\u0131 g\u00f6r\u00fc\u015ft\u00fc. \u015eam&#8217;daki bakanl\u0131k binas\u0131nda d\u00fczenlenen toplant\u0131da, su kaynaklar\u0131n\u0131n s\u00fcrd\u00fcr\u00fclebilirli\u011fini sa\u011flamak ve en \u00e7ok ihtiya\u00e7 duyulan b\u00f6lgelere su teminine eri\u015fimi iyile\u015ftirmek amac\u0131yla bakanl\u0131k ve ilgili kurulu\u015flar aras\u0131ndaki i\u015f birli\u011finin art\u0131r\u0131lmas\u0131 yollar\u0131 &hellip;<\/p>\n","protected":false},"author":36,"featured_media":321176,"comment_status":"closed","ping_status":"closed","sticky":false,"template":"","format":"standard","meta":{"footnotes":""},"categories":[589,479,17988,478],"tags":[],"class_list":["post-321175","post","type-post","status-publish","format-standard","has-post-thumbnail","","category-haber-seridi","category-haberler-yerel","category-son-haberler","category-yerel"],"_links":{"self":[{"href":"https:\/\/archive.sana.sy\/tr\/index.php?rest_route=\/wp\/v2\/posts\/321175","targetHints":{"allow":["GET"]}}],"collection":[{"href":"https:\/\/archive.sana.sy\/tr\/index.php?rest_route=\/wp\/v2\/posts"}],"about":[{"href":"https:\/\/archive.sana.sy\/tr\/index.php?rest_route=\/wp\/v2\/types\/post"}],"author":[{"embeddable":true,"href":"https:\/\/archive.sana.sy\/tr\/index.php?rest_route=\/wp\/v2\/users\/36"}],"replies":[{"embeddable":true,"href":"https:\/\/archive.sana.sy\/tr\/index.php?rest_route=%2Fwp%2Fv2%2Fcomments&post=321175"}],"version-history":[{"count":1,"href":"https:\/\/archive.sana.sy\/tr\/index.php?rest_route=\/wp\/v2\/posts\/321175\/revisions"}],"predecessor-version":[{"id":321177,"href":"https:\/\/archive.sana.sy\/tr\/index.php?rest_route=\/wp\/v2\/posts\/321175\/revisions\/321177"}],"wp:featuredmedia":[{"embeddable":true,"href":"https:\/\/archive.sana.sy\/tr\/index.php?rest_route=\/wp\/v2\/media\/321176"}],"wp:attachment":[{"href":"https:\/\/archive.sana.sy\/tr\/index.php?rest_route=%2Fwp%2Fv2%2Fmedia&parent=321175"}],"wp:term":[{"taxonomy":"category","embeddable":true,"href":"https:\/\/archive.sana.sy\/tr\/index.php?rest_route=%2Fwp%2Fv2%2Fcategories&post=321175"},{"taxonomy":"post_tag","embeddable":true,"href":"https:\/\/archive.sana.sy\/tr\/index.php?rest_route=%2Fwp%2Fv2%2Ftags&post=321175"}],"curies":[{"name":"wp","href":"https:\/\/api.w.org\/{rel}","templated":true}]}}