{"id":321178,"date":"2025-05-13T13:16:03","date_gmt":"2025-05-13T10:16:03","guid":{"rendered":"https:\/\/sana.sy\/tr\/?p=321178"},"modified":"2025-05-13T15:25:35","modified_gmt":"2025-05-13T12:25:35","slug":"bakan-abdulrazzak-birlesmis-milletler-kalkinma-programi-undp-heyetiyle-konut-sektorune-yonelik-destek-konusunu-gorustu","status":"publish","type":"post","link":"https:\/\/archive.sana.sy\/tr\/?p=321178","title":{"rendered":"Bakan Abdulrazzak, Birle\u015fmi\u015f Milletler Kalk\u0131nma Program\u0131 &#8220;UNDP&#8221; Heyetiyle Konut Sekt\u00f6r\u00fcne Y\u00f6nelik Destek Konusunu G\u00f6r\u00fc\u015ft\u00fc"},"content":{"rendered":"<p style=\"text-align: justify;\"><span style=\"color: #800000;\"><strong>\u015eAM (SANA) &#8211; <\/strong><\/span>Bay\u0131nd\u0131rl\u0131k ve \u0130sk\u00e2n Bakan\u0131 Mustafa Abdulrazzak, Birle\u015fmi\u015f Milletler Kalk\u0131nma Program\u0131 &#8220;UNDP&#8221; Suriye heyetiyle iki taraf aras\u0131ndaki i\u015fbirli\u011fi matrisinin geli\u015ftirilmesinin yollar\u0131n\u0131 g\u00f6r\u00fc\u015ft\u00fc.<\/p>\n<p style=\"text-align: justify;\">\u015eam&#8217;daki Bakanl\u0131k binas\u0131nda d\u00fczenlenen toplant\u0131da, konut sekt\u00f6r\u00fcne nas\u0131l destek sa\u011flanaca\u011f\u0131 ve uygulanmas\u0131 gereken planlama standartlar\u0131 ele al\u0131narak, ulusal konut stratejisi ve bunun geli\u015ftirilmesi ve modernizasyonu mekanizmas\u0131yla uyumlu, kademeli toparlanmaya katk\u0131 sa\u011flayacak m\u00fcdahale \u00f6nceliklerinin belirlenmesi ve tan\u0131mlanmas\u0131 ama\u00e7land\u0131.<\/p>\n<p style=\"text-align: justify;\">Bakan Abdulrazzak ayr\u0131ca, bakanl\u0131\u011fa ba\u011fl\u0131 mesleki e\u011fitim merkezlerine teknik destek sa\u011flanmas\u0131n\u0131n gereklili\u011fini, \u00e7e\u015fitli kamu ve \u00f6zel kurulu\u015flar\u0131n \u00e7al\u0131\u015fmalar\u0131n\u0131n entegre edilmesinin \u00f6nemini ve M\u00fchendis ve M\u00fcteahhit Sendikalar\u0131n\u0131n oynad\u0131\u011f\u0131 \u00f6nemli rol\u00fc vurgulad\u0131. \u200f<\/p>\n<p style=\"text-align: justify;\">Yerel Y\u00f6netim ve Hizmetler Program\u0131 Direkt\u00f6r\u00fc Dr. Hala Rizk ise deste\u011fin uygulanmas\u0131nda adaletin sa\u011flanmas\u0131 ve toplumun kademeli olarak hayat\u0131n\u0131 yeniden tesis edebilmesi i\u00e7in yerel toplumla ortakl\u0131\u011f\u0131n \u00f6nemini vurgulad\u0131.<\/p>\n","protected":false},"excerpt":{"rendered":"<p>\u015eAM (SANA) &#8211; Bay\u0131nd\u0131rl\u0131k ve \u0130sk\u00e2n Bakan\u0131 Mustafa Abdulrazzak, Birle\u015fmi\u015f Milletler Kalk\u0131nma Program\u0131 &#8220;UNDP&#8221; Suriye heyetiyle iki taraf aras\u0131ndaki i\u015fbirli\u011fi matrisinin geli\u015ftirilmesinin yollar\u0131n\u0131 g\u00f6r\u00fc\u015ft\u00fc. \u015eam&#8217;daki Bakanl\u0131k binas\u0131nda d\u00fczenlenen toplant\u0131da, konut sekt\u00f6r\u00fcne nas\u0131l destek sa\u011flanaca\u011f\u0131 ve uygulanmas\u0131 gereken planlama standartlar\u0131 ele al\u0131narak, ulusal konut stratejisi ve bunun geli\u015ftirilmesi ve modernizasyonu mekanizmas\u0131yla uyumlu, kademeli toparlanmaya katk\u0131 sa\u011flayacak &hellip;<\/p>\n","protected":false},"author":36,"featured_media":321179,"comment_status":"closed","ping_status":"closed","sticky":false,"template":"","format":"standard","meta":{"footnotes":""},"categories":[589,479,17988,478],"tags":[],"class_list":["post-321178","post","type-post","status-publish","format-standard","has-post-thumbnail","","category-haber-seridi","category-haberler-yerel","category-son-haberler","category-yerel"],"_links":{"self":[{"href":"https:\/\/archive.sana.sy\/tr\/index.php?rest_route=\/wp\/v2\/posts\/321178","targetHints":{"allow":["GET"]}}],"collection":[{"href":"https:\/\/archive.sana.sy\/tr\/index.php?rest_route=\/wp\/v2\/posts"}],"about":[{"href":"https:\/\/archive.sana.sy\/tr\/index.php?rest_route=\/wp\/v2\/types\/post"}],"author":[{"embeddable":true,"href":"https:\/\/archive.sana.sy\/tr\/index.php?rest_route=\/wp\/v2\/users\/36"}],"replies":[{"embeddable":true,"href":"https:\/\/archive.sana.sy\/tr\/index.php?rest_route=%2Fwp%2Fv2%2Fcomments&post=321178"}],"version-history":[{"count":3,"href":"https:\/\/archive.sana.sy\/tr\/index.php?rest_route=\/wp\/v2\/posts\/321178\/revisions"}],"predecessor-version":[{"id":321183,"href":"https:\/\/archive.sana.sy\/tr\/index.php?rest_route=\/wp\/v2\/posts\/321178\/revisions\/321183"}],"wp:featuredmedia":[{"embeddable":true,"href":"https:\/\/archive.sana.sy\/tr\/index.php?rest_route=\/wp\/v2\/media\/321179"}],"wp:attachment":[{"href":"https:\/\/archive.sana.sy\/tr\/index.php?rest_route=%2Fwp%2Fv2%2Fmedia&parent=321178"}],"wp:term":[{"taxonomy":"category","embeddable":true,"href":"https:\/\/archive.sana.sy\/tr\/index.php?rest_route=%2Fwp%2Fv2%2Fcategories&post=321178"},{"taxonomy":"post_tag","embeddable":true,"href":"https:\/\/archive.sana.sy\/tr\/index.php?rest_route=%2Fwp%2Fv2%2Ftags&post=321178"}],"curies":[{"name":"wp","href":"https:\/\/api.w.org\/{rel}","templated":true}]}}