{"id":321184,"date":"2025-05-13T16:01:06","date_gmt":"2025-05-13T13:01:06","guid":{"rendered":"https:\/\/sana.sy\/tr\/?p=321184"},"modified":"2025-05-13T16:01:06","modified_gmt":"2025-05-13T13:01:06","slug":"suriye-ve-katar-spor-alaninda-is-birligini-guclendirme-ve-katar-deneyiminden-yararlanma-yollarini-gorustu","status":"publish","type":"post","link":"https:\/\/archive.sana.sy\/tr\/?p=321184","title":{"rendered":"Suriye ve Katar, Spor Alan\u0131nda \u0130\u015f Birli\u011fini G\u00fc\u00e7lendirme Ve Katar Deneyiminden Yararlanma Yollar\u0131n\u0131 G\u00f6r\u00fc\u015ft\u00fc"},"content":{"rendered":"<p style=\"text-align: justify;\"><span style=\"color: #800000;\"><strong>\u015eAM (SANA)<\/strong> <\/span>&#8211; Suriye Spor ve Gen\u00e7lik Bakan\u0131 Muhammed Samih El-Hamid, Katar\u2019\u0131n \u015eam\u2019daki Maslahatg\u00fczar\u0131 Halife Abdullah El \u015eeyh\u2019i bakanl\u0131kta kabul etti. G\u00f6r\u00fc\u015fmede iki \u00fclke aras\u0131ndaki spor alan\u0131ndaki i\u015f birli\u011fi imkanlar\u0131 ele al\u0131nd\u0131.<\/p>\n<p style=\"text-align: justify;\">G\u00f6r\u00fc\u015fmede ayr\u0131ca, Katar\u2019\u0131n ileri d\u00fczeydeki stadyum in\u015fas\u0131 ve altyap\u0131 geli\u015ftirme konusundaki tecr\u00fcbelerinden faydalan\u0131larak, Suriye\u2019de zarar g\u00f6rm\u00fc\u015f spor tesislerinin desteklenmesi ve yeniden yap\u0131land\u0131r\u0131lmas\u0131 konular\u0131 de\u011ferlendirildi ve Aspire Akademisi gibi kurumlar arac\u0131l\u0131\u011f\u0131yla sporcu e\u011fitimi ve t\u0131bbi rehabilitasyon alanlar\u0131nda deneyim payla\u015f\u0131m\u0131 \u00fczerinde duruldu.<\/p>\n<p style=\"text-align: justify;\">Taraflar ayr\u0131ca ortak spor etkinliklerinin d\u00fczenlenmesini, Katar\u2019\u0131n spor teknolojileri ve dijital medya alan\u0131ndaki deneyimlerinden yararlan\u0131larak Suriye\u2019de spor medyas\u0131n\u0131n geli\u015ftirilmesini g\u00f6r\u00fc\u015ft\u00fcler.<\/p>\n","protected":false},"excerpt":{"rendered":"<p>\u015eAM (SANA) &#8211; Suriye Spor ve Gen\u00e7lik Bakan\u0131 Muhammed Samih El-Hamid, Katar\u2019\u0131n \u015eam\u2019daki Maslahatg\u00fczar\u0131 Halife Abdullah El \u015eeyh\u2019i bakanl\u0131kta kabul etti. G\u00f6r\u00fc\u015fmede iki \u00fclke aras\u0131ndaki spor alan\u0131ndaki i\u015f birli\u011fi imkanlar\u0131 ele al\u0131nd\u0131. G\u00f6r\u00fc\u015fmede ayr\u0131ca, Katar\u2019\u0131n ileri d\u00fczeydeki stadyum in\u015fas\u0131 ve altyap\u0131 geli\u015ftirme konusundaki tecr\u00fcbelerinden faydalan\u0131larak, Suriye\u2019de zarar g\u00f6rm\u00fc\u015f spor tesislerinin desteklenmesi ve yeniden yap\u0131land\u0131r\u0131lmas\u0131 konular\u0131 &hellip;<\/p>\n","protected":false},"author":36,"featured_media":321185,"comment_status":"closed","ping_status":"closed","sticky":false,"template":"","format":"standard","meta":{"footnotes":""},"categories":[589,17988,496],"tags":[43869,43868],"class_list":["post-321184","post","type-post","status-publish","format-standard","has-post-thumbnail","","category-haber-seridi","category-son-haberler","category-spor","tag-spor-alaninda-is-birligini-guclendirme-ve-katar-deneyiminden-yararlanma-yollarini-gorustu","tag-suriye-ve-katar"],"_links":{"self":[{"href":"https:\/\/archive.sana.sy\/tr\/index.php?rest_route=\/wp\/v2\/posts\/321184","targetHints":{"allow":["GET"]}}],"collection":[{"href":"https:\/\/archive.sana.sy\/tr\/index.php?rest_route=\/wp\/v2\/posts"}],"about":[{"href":"https:\/\/archive.sana.sy\/tr\/index.php?rest_route=\/wp\/v2\/types\/post"}],"author":[{"embeddable":true,"href":"https:\/\/archive.sana.sy\/tr\/index.php?rest_route=\/wp\/v2\/users\/36"}],"replies":[{"embeddable":true,"href":"https:\/\/archive.sana.sy\/tr\/index.php?rest_route=%2Fwp%2Fv2%2Fcomments&post=321184"}],"version-history":[{"count":1,"href":"https:\/\/archive.sana.sy\/tr\/index.php?rest_route=\/wp\/v2\/posts\/321184\/revisions"}],"predecessor-version":[{"id":321186,"href":"https:\/\/archive.sana.sy\/tr\/index.php?rest_route=\/wp\/v2\/posts\/321184\/revisions\/321186"}],"wp:featuredmedia":[{"embeddable":true,"href":"https:\/\/archive.sana.sy\/tr\/index.php?rest_route=\/wp\/v2\/media\/321185"}],"wp:attachment":[{"href":"https:\/\/archive.sana.sy\/tr\/index.php?rest_route=%2Fwp%2Fv2%2Fmedia&parent=321184"}],"wp:term":[{"taxonomy":"category","embeddable":true,"href":"https:\/\/archive.sana.sy\/tr\/index.php?rest_route=%2Fwp%2Fv2%2Fcategories&post=321184"},{"taxonomy":"post_tag","embeddable":true,"href":"https:\/\/archive.sana.sy\/tr\/index.php?rest_route=%2Fwp%2Fv2%2Ftags&post=321184"}],"curies":[{"name":"wp","href":"https:\/\/api.w.org\/{rel}","templated":true}]}}