{"id":321191,"date":"2025-05-14T09:01:28","date_gmt":"2025-05-14T06:01:28","guid":{"rendered":"https:\/\/sana.sy\/tr\/?p=321191"},"modified":"2025-05-14T18:35:21","modified_gmt":"2025-05-14T15:35:21","slug":"bakan-el-seybani-abd-baskani-trumpin-suriyeye-yonelik-yaptirimlarin-kaldirilmasi-yonundeki-aciklamalarini-memnuniyetle-karsiliyoruz","status":"publish","type":"post","link":"https:\/\/archive.sana.sy\/tr\/?p=321191","title":{"rendered":"Bakan El \u015eeybani: Abd Ba\u015fkan\u0131 Trump&#8217;\u0131n Suriye&#8217;ye Y\u00f6nelik Yapt\u0131r\u0131mlar\u0131n Kald\u0131r\u0131lmas\u0131 Y\u00f6n\u00fcndeki A\u00e7\u0131klamalar\u0131n\u0131 Memnuniyetle Kar\u015f\u0131l\u0131yoruz"},"content":{"rendered":"<p style=\"text-align: justify;\"><strong>\u015eAM (SANA) &#8211; <\/strong>ABD Ba\u015fkan\u0131 Donald Trump&#8217;\u0131n, Esad rejiminin i\u011fren\u00e7 sava\u015f su\u00e7lar\u0131 nedeniyle Suriye&#8217;ye uygulanan yapt\u0131r\u0131mlar\u0131 kald\u0131raca\u011f\u0131na dair son a\u00e7\u0131klamas\u0131n\u0131 memnuniyetle kar\u015f\u0131l\u0131yoruz.<\/p>\n<p style=\"text-align: justify;\">Bu geli\u015fme, y\u0131llard\u0131r s\u00fcren y\u0131k\u0131c\u0131 sava\u015ftan sonra istikrar, kendi kendine yeterlilik ve ger\u00e7ek yeniden yap\u0131lanma yolunda ilerleyen Suriye halk\u0131 i\u00e7in \u00f6nemli bir d\u00f6n\u00fcm noktas\u0131n\u0131 temsil ediyor.<\/p>\n<p style=\"text-align: justify;\">Bu a\u00e7\u0131klamay\u0131 \u00e7ok olumlu kar\u015f\u0131l\u0131yoruz ve ABD ile kar\u015f\u0131l\u0131kl\u0131 sayg\u0131, g\u00fcven ve ortak \u00e7\u0131karlar temelinde bir ili\u015fki kurmaya haz\u0131r\u0131z.<\/p>\n<p style=\"text-align: justify;\">Ba\u015fkan Trump, Suriye&#8217;de tarihi bir bar\u0131\u015f anla\u015fmas\u0131na ve Amerikan \u00e7\u0131karlar\u0131 i\u00e7in ger\u00e7ek bir zafere ula\u015fabilir. Sava\u015f su\u00e7lular\u0131n\u0131n k\u0131rm\u0131z\u0131 \u00e7izgileri a\u015fmas\u0131na ve insanl\u0131k d\u0131\u015f\u0131 katliamlar yapmas\u0131na izin veren seleflerinden daha fazlas\u0131n\u0131 Suriye halk\u0131 i\u00e7in yapt\u0131.<\/p>\n","protected":false},"excerpt":{"rendered":"<p>\u015eAM (SANA) &#8211; ABD Ba\u015fkan\u0131 Donald Trump&#8217;\u0131n, Esad rejiminin i\u011fren\u00e7 sava\u015f su\u00e7lar\u0131 nedeniyle Suriye&#8217;ye uygulanan yapt\u0131r\u0131mlar\u0131 kald\u0131raca\u011f\u0131na dair son a\u00e7\u0131klamas\u0131n\u0131 memnuniyetle kar\u015f\u0131l\u0131yoruz. Bu geli\u015fme, y\u0131llard\u0131r s\u00fcren y\u0131k\u0131c\u0131 sava\u015ftan sonra istikrar, kendi kendine yeterlilik ve ger\u00e7ek yeniden yap\u0131lanma yolunda ilerleyen Suriye halk\u0131 i\u00e7in \u00f6nemli bir d\u00f6n\u00fcm noktas\u0131n\u0131 temsil ediyor. Bu a\u00e7\u0131klamay\u0131 \u00e7ok olumlu kar\u015f\u0131l\u0131yoruz ve ABD &hellip;<\/p>\n","protected":false},"author":39,"featured_media":321192,"comment_status":"closed","ping_status":"closed","sticky":false,"template":"","format":"standard","meta":{"footnotes":""},"categories":[589,479,17988,478],"tags":[],"class_list":["post-321191","post","type-post","status-publish","format-standard","has-post-thumbnail","","category-haber-seridi","category-haberler-yerel","category-son-haberler","category-yerel"],"_links":{"self":[{"href":"https:\/\/archive.sana.sy\/tr\/index.php?rest_route=\/wp\/v2\/posts\/321191","targetHints":{"allow":["GET"]}}],"collection":[{"href":"https:\/\/archive.sana.sy\/tr\/index.php?rest_route=\/wp\/v2\/posts"}],"about":[{"href":"https:\/\/archive.sana.sy\/tr\/index.php?rest_route=\/wp\/v2\/types\/post"}],"author":[{"embeddable":true,"href":"https:\/\/archive.sana.sy\/tr\/index.php?rest_route=\/wp\/v2\/users\/39"}],"replies":[{"embeddable":true,"href":"https:\/\/archive.sana.sy\/tr\/index.php?rest_route=%2Fwp%2Fv2%2Fcomments&post=321191"}],"version-history":[{"count":1,"href":"https:\/\/archive.sana.sy\/tr\/index.php?rest_route=\/wp\/v2\/posts\/321191\/revisions"}],"predecessor-version":[{"id":321193,"href":"https:\/\/archive.sana.sy\/tr\/index.php?rest_route=\/wp\/v2\/posts\/321191\/revisions\/321193"}],"wp:featuredmedia":[{"embeddable":true,"href":"https:\/\/archive.sana.sy\/tr\/index.php?rest_route=\/wp\/v2\/media\/321192"}],"wp:attachment":[{"href":"https:\/\/archive.sana.sy\/tr\/index.php?rest_route=%2Fwp%2Fv2%2Fmedia&parent=321191"}],"wp:term":[{"taxonomy":"category","embeddable":true,"href":"https:\/\/archive.sana.sy\/tr\/index.php?rest_route=%2Fwp%2Fv2%2Fcategories&post=321191"},{"taxonomy":"post_tag","embeddable":true,"href":"https:\/\/archive.sana.sy\/tr\/index.php?rest_route=%2Fwp%2Fv2%2Ftags&post=321191"}],"curies":[{"name":"wp","href":"https:\/\/api.w.org\/{rel}","templated":true}]}}