{"id":321256,"date":"2025-05-14T11:59:28","date_gmt":"2025-05-14T08:59:28","guid":{"rendered":"https:\/\/sana.sy\/tr\/?p=321256"},"modified":"2025-05-14T11:59:28","modified_gmt":"2025-05-14T08:59:28","slug":"filistin-devleti-baskanligi-abd-baskaninin-suriyeye-yonelik-yaptirimlari-kaldirma-kararini-memnuniyetle-karsiladi","status":"publish","type":"post","link":"https:\/\/archive.sana.sy\/tr\/?p=321256","title":{"rendered":"Filistin Devleti Ba\u015fkanl\u0131\u011f\u0131, ABD Ba\u015fkan\u0131\u2019n\u0131n Suriye\u2019ye Y\u00f6nelik Yapt\u0131r\u0131mlar\u0131 Kald\u0131rma Karar\u0131n\u0131 Memnuniyetle Kar\u015f\u0131lad\u0131"},"content":{"rendered":"<p style=\"text-align: justify;\"><strong>RAMALLAH (SANA) &#8211;\u00a0 <\/strong>Filistin Devleti Ba\u015fkanl\u0131\u011f\u0131, ABD Ba\u015fkan\u0131 Donald Trump\u2019\u0131n Suriye\u2019ye uygulanan yapt\u0131r\u0131mlar\u0131 kald\u0131rma y\u00f6n\u00fcndeki a\u00e7\u0131klamas\u0131n\u0131 memnuniyetle kar\u015f\u0131lad\u0131\u011f\u0131n\u0131 bildirdi.<\/p>\n<p style=\"text-align: justify;\">Filistin haber ajans\u0131 WAFA\u2019n\u0131n aktard\u0131\u011f\u0131na g\u00f6re, Ba\u015fkanl\u0131k taraf\u0131ndan yay\u0131mlanan a\u00e7\u0131klamada, bu karar\u0131n Suriye\u2019nin yeniden sa\u011fl\u0131\u011f\u0131na ve istikrar\u0131na kavu\u015fmas\u0131, b\u00f6lgede \u00f6nc\u00fc rol\u00fcn\u00fc tekrar \u00fcstlenmesi yolunda \u00f6nemli bir ad\u0131m olmas\u0131n\u0131n umut edildi\u011fi ifade edildi.<\/p>\n<p style=\"text-align: justify;\">Cumhurba\u015fkanl\u0131\u011f\u0131, Filistin Devleti ve halk\u0131n\u0131n Suriye&#8217;deki karde\u015flerine deste\u011fini teyit ederek, onlara daha fazla ilerleme ve refah temennisinde bulundu. Ayr\u0131ca, s\u00f6z konusu yapt\u0131r\u0131mlar\u0131n kald\u0131r\u0131lmas\u0131na \u00f6nemli katk\u0131 sa\u011flayan Suudi Arabistan Krall\u0131\u011f\u0131&#8217;n\u0131n \u00f6nemli \u00e7abalar\u0131 da takdir edildi.<\/p>\n","protected":false},"excerpt":{"rendered":"<p>RAMALLAH (SANA) &#8211;\u00a0 Filistin Devleti Ba\u015fkanl\u0131\u011f\u0131, ABD Ba\u015fkan\u0131 Donald Trump\u2019\u0131n Suriye\u2019ye uygulanan yapt\u0131r\u0131mlar\u0131 kald\u0131rma y\u00f6n\u00fcndeki a\u00e7\u0131klamas\u0131n\u0131 memnuniyetle kar\u015f\u0131lad\u0131\u011f\u0131n\u0131 bildirdi. Filistin haber ajans\u0131 WAFA\u2019n\u0131n aktard\u0131\u011f\u0131na g\u00f6re, Ba\u015fkanl\u0131k taraf\u0131ndan yay\u0131mlanan a\u00e7\u0131klamada, bu karar\u0131n Suriye\u2019nin yeniden sa\u011fl\u0131\u011f\u0131na ve istikrar\u0131na kavu\u015fmas\u0131, b\u00f6lgede \u00f6nc\u00fc rol\u00fcn\u00fc tekrar \u00fcstlenmesi yolunda \u00f6nemli bir ad\u0131m olmas\u0131n\u0131n umut edildi\u011fi ifade edildi. Cumhurba\u015fkanl\u0131\u011f\u0131, Filistin Devleti ve &hellip;<\/p>\n","protected":false},"author":39,"featured_media":321257,"comment_status":"closed","ping_status":"closed","sticky":false,"template":"","format":"standard","meta":{"footnotes":""},"categories":[458,589,459,17988],"tags":[],"class_list":["post-321256","post","type-post","status-publish","format-standard","has-post-thumbnail","","category-dunya1","category-haber-seridi","category-haberler-arap-uluslararasi-politika","category-son-haberler"],"_links":{"self":[{"href":"https:\/\/archive.sana.sy\/tr\/index.php?rest_route=\/wp\/v2\/posts\/321256","targetHints":{"allow":["GET"]}}],"collection":[{"href":"https:\/\/archive.sana.sy\/tr\/index.php?rest_route=\/wp\/v2\/posts"}],"about":[{"href":"https:\/\/archive.sana.sy\/tr\/index.php?rest_route=\/wp\/v2\/types\/post"}],"author":[{"embeddable":true,"href":"https:\/\/archive.sana.sy\/tr\/index.php?rest_route=\/wp\/v2\/users\/39"}],"replies":[{"embeddable":true,"href":"https:\/\/archive.sana.sy\/tr\/index.php?rest_route=%2Fwp%2Fv2%2Fcomments&post=321256"}],"version-history":[{"count":1,"href":"https:\/\/archive.sana.sy\/tr\/index.php?rest_route=\/wp\/v2\/posts\/321256\/revisions"}],"predecessor-version":[{"id":321258,"href":"https:\/\/archive.sana.sy\/tr\/index.php?rest_route=\/wp\/v2\/posts\/321256\/revisions\/321258"}],"wp:featuredmedia":[{"embeddable":true,"href":"https:\/\/archive.sana.sy\/tr\/index.php?rest_route=\/wp\/v2\/media\/321257"}],"wp:attachment":[{"href":"https:\/\/archive.sana.sy\/tr\/index.php?rest_route=%2Fwp%2Fv2%2Fmedia&parent=321256"}],"wp:term":[{"taxonomy":"category","embeddable":true,"href":"https:\/\/archive.sana.sy\/tr\/index.php?rest_route=%2Fwp%2Fv2%2Fcategories&post=321256"},{"taxonomy":"post_tag","embeddable":true,"href":"https:\/\/archive.sana.sy\/tr\/index.php?rest_route=%2Fwp%2Fv2%2Ftags&post=321256"}],"curies":[{"name":"wp","href":"https:\/\/api.w.org\/{rel}","templated":true}]}}