{"id":321259,"date":"2025-05-14T12:29:23","date_gmt":"2025-05-14T09:29:23","guid":{"rendered":"https:\/\/sana.sy\/tr\/?p=321259"},"modified":"2025-05-14T17:30:14","modified_gmt":"2025-05-14T14:30:14","slug":"irak-suriyeye-uygulanan-yaptirimlarin-kaldirilmasini-memnuniyetle-karsiladi","status":"publish","type":"post","link":"https:\/\/archive.sana.sy\/tr\/?p=321259","title":{"rendered":"Irak, Suriye&#8217;ye Uygulanan Yapt\u0131r\u0131mlar\u0131n Kald\u0131r\u0131lmas\u0131n\u0131 Memnuniyetle Kar\u015f\u0131lad\u0131"},"content":{"rendered":"<p style=\"text-align: justify;\"><strong>BA\u011eDAT (SANA) \u2013<\/strong> Irak D\u0131\u015fi\u015fleri Bakanl\u0131\u011f\u0131, Suriye\u2019ye uygulanan yapt\u0131r\u0131mlar\u0131n kald\u0131r\u0131lmas\u0131n\u0131 memnuniyetle kar\u015f\u0131lad\u0131klar\u0131n\u0131 bildirdi.<\/p>\n<p style=\"text-align: justify;\">Irak Haber Ajans\u0131 (INA) taraf\u0131ndan aktar\u0131lan bakanl\u0131k a\u00e7\u0131klamas\u0131nda, \u201cIrak Cumhuriyeti olarak, Amerika Birle\u015fik Devletleri Ba\u015fkan\u0131 Donald Trump\u2019\u0131n, dost ve karde\u015f Suriye Arap Cumhuriyeti\u2019ne uygulanan yapt\u0131r\u0131mlar\u0131 kald\u0131rma niyetini memnuniyetle kar\u015f\u0131l\u0131yoruz. Bu karar\u0131n, Suriye halk\u0131n\u0131n arzulad\u0131\u011f\u0131 istikrar yolunu desteklemesini ve s\u00fcregelen insani ve ekonomik kriz nedeniyle ya\u015fanan ac\u0131lar\u0131n sona ermesine katk\u0131 sa\u011flamas\u0131n\u0131 temenni ediyoruz.\u201d ifadelerine yer verildi.<\/p>\n<p style=\"text-align: justify;\">Bakanl\u0131k ayr\u0131ca, karde\u015f Suudi Arabistan Krall\u0131\u011f\u0131\u2019n\u0131n Suriye halk\u0131n\u0131 desteklemek ve bu giri\u015fime ula\u015fmak ad\u0131na g\u00f6sterdi\u011fi yo\u011fun diplomatik \u00e7abalara \u00f6vg\u00fcde bulunarak, \u201cBu hassas d\u00f6nemde Arap dayan\u0131\u015fmas\u0131n\u0131n \u00f6nemi ve karde\u015f \u00fclkeler aras\u0131nda i\u015f birli\u011finin g\u00fc\u00e7lendirilmesine duyulan ihtiya\u00e7\u201d vurguland\u0131.<\/p>\n<p style=\"text-align: justify;\">A\u00e7\u0131klamada son olarak, bu ad\u0131m\u0131n Suriye krizini sona erdirmek amac\u0131yla kapsaml\u0131 ve bar\u0131\u015f\u00e7\u0131l \u00e7\u00f6z\u00fcmleri destekleyen, Suriye\u2019nin birli\u011fini ve egemenli\u011fini koruyan ve Suriye halk\u0131n\u0131n t\u00fcm kesimlerinin haklar\u0131n\u0131 g\u00fcvence alt\u0131na alan yeni bir uluslararas\u0131 i\u015f birli\u011fi s\u00fcrecinin ba\u015flang\u0131c\u0131 olmas\u0131n\u0131 umut ettikleri ifade edildi.<\/p>\n","protected":false},"excerpt":{"rendered":"<p>BA\u011eDAT (SANA) \u2013 Irak D\u0131\u015fi\u015fleri Bakanl\u0131\u011f\u0131, Suriye\u2019ye uygulanan yapt\u0131r\u0131mlar\u0131n kald\u0131r\u0131lmas\u0131n\u0131 memnuniyetle kar\u015f\u0131lad\u0131klar\u0131n\u0131 bildirdi. Irak Haber Ajans\u0131 (INA) taraf\u0131ndan aktar\u0131lan bakanl\u0131k a\u00e7\u0131klamas\u0131nda, \u201cIrak Cumhuriyeti olarak, Amerika Birle\u015fik Devletleri Ba\u015fkan\u0131 Donald Trump\u2019\u0131n, dost ve karde\u015f Suriye Arap Cumhuriyeti\u2019ne uygulanan yapt\u0131r\u0131mlar\u0131 kald\u0131rma niyetini memnuniyetle kar\u015f\u0131l\u0131yoruz. Bu karar\u0131n, Suriye halk\u0131n\u0131n arzulad\u0131\u011f\u0131 istikrar yolunu desteklemesini ve s\u00fcregelen insani ve ekonomik &hellip;<\/p>\n","protected":false},"author":39,"featured_media":321260,"comment_status":"closed","ping_status":"closed","sticky":false,"template":"","format":"standard","meta":{"footnotes":""},"categories":[458,589,459,17988],"tags":[],"class_list":["post-321259","post","type-post","status-publish","format-standard","has-post-thumbnail","","category-dunya1","category-haber-seridi","category-haberler-arap-uluslararasi-politika","category-son-haberler"],"_links":{"self":[{"href":"https:\/\/archive.sana.sy\/tr\/index.php?rest_route=\/wp\/v2\/posts\/321259","targetHints":{"allow":["GET"]}}],"collection":[{"href":"https:\/\/archive.sana.sy\/tr\/index.php?rest_route=\/wp\/v2\/posts"}],"about":[{"href":"https:\/\/archive.sana.sy\/tr\/index.php?rest_route=\/wp\/v2\/types\/post"}],"author":[{"embeddable":true,"href":"https:\/\/archive.sana.sy\/tr\/index.php?rest_route=\/wp\/v2\/users\/39"}],"replies":[{"embeddable":true,"href":"https:\/\/archive.sana.sy\/tr\/index.php?rest_route=%2Fwp%2Fv2%2Fcomments&post=321259"}],"version-history":[{"count":2,"href":"https:\/\/archive.sana.sy\/tr\/index.php?rest_route=\/wp\/v2\/posts\/321259\/revisions"}],"predecessor-version":[{"id":321297,"href":"https:\/\/archive.sana.sy\/tr\/index.php?rest_route=\/wp\/v2\/posts\/321259\/revisions\/321297"}],"wp:featuredmedia":[{"embeddable":true,"href":"https:\/\/archive.sana.sy\/tr\/index.php?rest_route=\/wp\/v2\/media\/321260"}],"wp:attachment":[{"href":"https:\/\/archive.sana.sy\/tr\/index.php?rest_route=%2Fwp%2Fv2%2Fmedia&parent=321259"}],"wp:term":[{"taxonomy":"category","embeddable":true,"href":"https:\/\/archive.sana.sy\/tr\/index.php?rest_route=%2Fwp%2Fv2%2Fcategories&post=321259"},{"taxonomy":"post_tag","embeddable":true,"href":"https:\/\/archive.sana.sy\/tr\/index.php?rest_route=%2Fwp%2Fv2%2Ftags&post=321259"}],"curies":[{"name":"wp","href":"https:\/\/api.w.org\/{rel}","templated":true}]}}