{"id":321348,"date":"2025-05-15T19:11:11","date_gmt":"2025-05-15T16:11:11","guid":{"rendered":"https:\/\/sana.sy\/tr\/?p=321348"},"modified":"2025-05-15T19:11:11","modified_gmt":"2025-05-15T16:11:11","slug":"katar-basbakani-abdnin-suriyeye-yonelik-yaptirimlarini-kaldirmak-dogru-bir-adimdir","status":"publish","type":"post","link":"https:\/\/archive.sana.sy\/tr\/?p=321348","title":{"rendered":"Katar Ba\u015fbakan\u0131: ABD&#8217;nin Suriye&#8217;ye Y\u00f6nelik Yapt\u0131r\u0131mlar\u0131n\u0131 Kald\u0131rmak Do\u011fru Bir Ad\u0131md\u0131r"},"content":{"rendered":"<p style=\"text-align: justify;\"><strong><span style=\"color: #800000;\">DOHA (SANA)-<\/span><\/strong> Katar Ba\u015fbakan\u0131 ve D\u0131\u015fi\u015fleri Bakan\u0131 \u015eeyh Muhammed bin Abdurrahman Al Sani, Amerika&#8217;n\u0131n Suriye&#8217;ye uygulad\u0131\u011f\u0131 yapt\u0131r\u0131mlar\u0131n kald\u0131r\u0131lmas\u0131n\u0131n, b\u00f6lgedeki ilerleme i\u00e7in olumlu bir ad\u0131m oldu\u011funu vurgulad\u0131.<\/p>\n<p style=\"text-align: justify;\">Amerikan CNN a\u011f\u0131na verdi\u011fi r\u00f6portajda, \u015eeyh Muhammed bin Abdurrahman \u015funlar\u0131 s\u00f6yledi: &#8220;Suriye halk\u0131 onurlu bir ya\u015fam\u0131 hak ediyor, yapt\u0131r\u0131mlar asl\u0131nda Esed rejiminin halk\u0131na kar\u015f\u0131 tutumu nedeniyle uygulanm\u0131\u015ft\u0131. Yapt\u0131r\u0131mlar oldu\u011fu s\u00fcrece, Suriye&#8217;deki durumu iyile\u015ftirmek ve halk\u0131n sava\u015f\u0131n etkilerinden kurtulmas\u0131na yard\u0131mc\u0131 olmak zor olacak.&#8221;<\/p>\n<p style=\"text-align: justify;\">Yapt\u0131r\u0131mlar\u0131n kald\u0131r\u0131lmas\u0131n\u0131n Suriye&#8217;nin istikrar\u0131n\u0131 desteklemek ad\u0131na \u00f6nemli bir ad\u0131m oldu\u011funu belirten Katar Ba\u015fbakan\u0131, &#8220;Yap\u0131c\u0131 bir \u015fekilde kat\u0131l\u0131mda bulunmal\u0131 ve \u00fclkedeki durumun hafifletilmesine yard\u0131mc\u0131 olmak i\u00e7in \u00e7aba sarf etmeliyiz.&#8221; Ifadeletini kulland\u0131.<\/p>\n","protected":false},"excerpt":{"rendered":"<p>DOHA (SANA)- Katar Ba\u015fbakan\u0131 ve D\u0131\u015fi\u015fleri Bakan\u0131 \u015eeyh Muhammed bin Abdurrahman Al Sani, Amerika&#8217;n\u0131n Suriye&#8217;ye uygulad\u0131\u011f\u0131 yapt\u0131r\u0131mlar\u0131n kald\u0131r\u0131lmas\u0131n\u0131n, b\u00f6lgedeki ilerleme i\u00e7in olumlu bir ad\u0131m oldu\u011funu vurgulad\u0131. Amerikan CNN a\u011f\u0131na verdi\u011fi r\u00f6portajda, \u015eeyh Muhammed bin Abdurrahman \u015funlar\u0131 s\u00f6yledi: &#8220;Suriye halk\u0131 onurlu bir ya\u015fam\u0131 hak ediyor, yapt\u0131r\u0131mlar asl\u0131nda Esed rejiminin halk\u0131na kar\u015f\u0131 tutumu nedeniyle uygulanm\u0131\u015ft\u0131. Yapt\u0131r\u0131mlar oldu\u011fu &hellip;<\/p>\n","protected":false},"author":41,"featured_media":321349,"comment_status":"closed","ping_status":"closed","sticky":false,"template":"","format":"standard","meta":{"footnotes":""},"categories":[458,589,459,17988],"tags":[],"class_list":["post-321348","post","type-post","status-publish","format-standard","has-post-thumbnail","","category-dunya1","category-haber-seridi","category-haberler-arap-uluslararasi-politika","category-son-haberler"],"_links":{"self":[{"href":"https:\/\/archive.sana.sy\/tr\/index.php?rest_route=\/wp\/v2\/posts\/321348","targetHints":{"allow":["GET"]}}],"collection":[{"href":"https:\/\/archive.sana.sy\/tr\/index.php?rest_route=\/wp\/v2\/posts"}],"about":[{"href":"https:\/\/archive.sana.sy\/tr\/index.php?rest_route=\/wp\/v2\/types\/post"}],"author":[{"embeddable":true,"href":"https:\/\/archive.sana.sy\/tr\/index.php?rest_route=\/wp\/v2\/users\/41"}],"replies":[{"embeddable":true,"href":"https:\/\/archive.sana.sy\/tr\/index.php?rest_route=%2Fwp%2Fv2%2Fcomments&post=321348"}],"version-history":[{"count":1,"href":"https:\/\/archive.sana.sy\/tr\/index.php?rest_route=\/wp\/v2\/posts\/321348\/revisions"}],"predecessor-version":[{"id":321350,"href":"https:\/\/archive.sana.sy\/tr\/index.php?rest_route=\/wp\/v2\/posts\/321348\/revisions\/321350"}],"wp:featuredmedia":[{"embeddable":true,"href":"https:\/\/archive.sana.sy\/tr\/index.php?rest_route=\/wp\/v2\/media\/321349"}],"wp:attachment":[{"href":"https:\/\/archive.sana.sy\/tr\/index.php?rest_route=%2Fwp%2Fv2%2Fmedia&parent=321348"}],"wp:term":[{"taxonomy":"category","embeddable":true,"href":"https:\/\/archive.sana.sy\/tr\/index.php?rest_route=%2Fwp%2Fv2%2Fcategories&post=321348"},{"taxonomy":"post_tag","embeddable":true,"href":"https:\/\/archive.sana.sy\/tr\/index.php?rest_route=%2Fwp%2Fv2%2Ftags&post=321348"}],"curies":[{"name":"wp","href":"https:\/\/api.w.org\/{rel}","templated":true}]}}