{"id":321354,"date":"2025-05-16T09:00:38","date_gmt":"2025-05-16T06:00:38","guid":{"rendered":"https:\/\/sana.sy\/tr\/?p=321354"},"modified":"2025-05-16T10:54:35","modified_gmt":"2025-05-16T07:54:35","slug":"el-seybani-abd-disisleri-bakani-ile-yapilan-gorusmeler-suriye-halkinin-istek-ve-arzularini-yerine-getiriyor","status":"publish","type":"post","link":"https:\/\/archive.sana.sy\/tr\/?p=321354","title":{"rendered":"El \u015eeybani: ABD D\u0131\u015fi\u015fleri Bakan\u0131 \u0130le Yap\u0131lan G\u00f6r\u00fc\u015fmeler Suriye Halk\u0131n\u0131n \u0130stek Ve Arzular\u0131n\u0131 Yerine Getiriyor"},"content":{"rendered":"<p style=\"text-align: justify;\"><strong><span style=\"color: #800000;\">\u015eAM (SANA) &#8211;<\/span>\u00a0<\/strong> D\u0131\u015fi\u015fleri ve Gurbet\u00e7iler Bakan\u0131 Asaad El \u015eeybani, ABD D\u0131\u015fi\u015fleri Bakan\u0131 Mark Rubio ile yapt\u0131\u011f\u0131 g\u00f6r\u00fc\u015fmelerin Suriye halk\u0131n\u0131n \u00f6zlem ve gelecek hedeflerini kar\u015f\u0131lad\u0131\u011f\u0131n\u0131 belirterek, ABD taraf\u0131n\u0131n, Suriye&#8217;nin etkin bir devlet oldu\u011funu, g\u00fcvenli\u011finin d\u00fcnya g\u00fcvenli\u011fi ve istikrar\u0131 a\u00e7\u0131s\u0131ndan \u00f6nemli oldu\u011funu vurgulad\u0131\u011f\u0131n\u0131 kaydetti.<\/p>\n<p style=\"text-align: justify;\">D\u0131\u015fi\u015fleri Bakan\u0131 bu ak\u015fam Suriye Haber Kanal\u0131&#8217;na yapt\u0131\u011f\u0131 a\u00e7\u0131klamada, \u201c8 Aral\u0131k 2024 tarihinden itibaren t\u00fcm Arap ve yabanc\u0131 \u00fclkelerle, ayr\u0131ca ABD ile ili\u015fkilerimizi normalle\u015ftirmeye ba\u015flad\u0131k\u201d a\u00e7\u0131klamada bulynarak, Suriye&#8217;nin bug\u00fcn gelecek a\u00e7\u0131s\u0131ndan \u00fcmit verici bir g\u00f6r\u00fcn\u00fcme sahip oldu\u011funu, bu niteliklere sahip bir h\u00fck\u00fcmetin Suriye&#8217;yi herkesten e\u015fit mesafede tutabilece\u011fini vurgulad\u0131.<\/p>\n<p style=\"text-align: justify;\">Bakan El \u015eeybani ayr\u0131ca, d\u00fcnyada \u00e7\u0131karlar\u0131n oldu\u011funu, bu konuda halk\u0131m\u0131z\u0131n \u00e7\u0131karlar\u0131ndan hareket etti\u011fimizi vurgulad\u0131. ABD yapt\u0131r\u0131mlar\u0131n\u0131n kald\u0131r\u0131lmas\u0131n\u0131n ard\u0131ndan Suriye&#8217;nin gelece\u011finin parlak ve b\u00f6lgede rekabet\u00e7i olaca\u011f\u0131n\u0131 vurgulad\u0131.<\/p>\n<p style=\"text-align: justify;\">D\u0131\u015fi\u015fleri ve Gurbet\u00e7iler Bakan\u0131, yurt d\u0131\u015f\u0131nda bir\u00e7ok alanda ba\u015far\u0131l\u0131 olmu\u015f, \u00f6nemli mesafeler kat etmi\u015f Suriyelilerin bulundu\u011funu belirterek, bu kadrolara yenilik ve \u00fcretim imk\u00e2n\u0131 verece\u011fimizi s\u00f6yledi.<\/p>\n","protected":false},"excerpt":{"rendered":"<p>\u015eAM (SANA) &#8211;\u00a0 D\u0131\u015fi\u015fleri ve Gurbet\u00e7iler Bakan\u0131 Asaad El \u015eeybani, ABD D\u0131\u015fi\u015fleri Bakan\u0131 Mark Rubio ile yapt\u0131\u011f\u0131 g\u00f6r\u00fc\u015fmelerin Suriye halk\u0131n\u0131n \u00f6zlem ve gelecek hedeflerini kar\u015f\u0131lad\u0131\u011f\u0131n\u0131 belirterek, ABD taraf\u0131n\u0131n, Suriye&#8217;nin etkin bir devlet oldu\u011funu, g\u00fcvenli\u011finin d\u00fcnya g\u00fcvenli\u011fi ve istikrar\u0131 a\u00e7\u0131s\u0131ndan \u00f6nemli oldu\u011funu vurgulad\u0131\u011f\u0131n\u0131 kaydetti. D\u0131\u015fi\u015fleri Bakan\u0131 bu ak\u015fam Suriye Haber Kanal\u0131&#8217;na yapt\u0131\u011f\u0131 a\u00e7\u0131klamada, \u201c8 Aral\u0131k 2024 &hellip;<\/p>\n","protected":false},"author":44,"featured_media":321355,"comment_status":"closed","ping_status":"closed","sticky":false,"template":"","format":"standard","meta":{"footnotes":""},"categories":[589,479,17988,478,1],"tags":[43870],"class_list":["post-321354","post","type-post","status-publish","format-standard","has-post-thumbnail","","category-haber-seridi","category-haberler-yerel","category-son-haberler","category-yerel","category-news-not-sorted","tag-el-seybani-abd-disisleri-bakani-ile-yapilan-gorusmeler-suriye-halkinin-istek-ve-arzularini-yerine-getiriyor"],"_links":{"self":[{"href":"https:\/\/archive.sana.sy\/tr\/index.php?rest_route=\/wp\/v2\/posts\/321354","targetHints":{"allow":["GET"]}}],"collection":[{"href":"https:\/\/archive.sana.sy\/tr\/index.php?rest_route=\/wp\/v2\/posts"}],"about":[{"href":"https:\/\/archive.sana.sy\/tr\/index.php?rest_route=\/wp\/v2\/types\/post"}],"author":[{"embeddable":true,"href":"https:\/\/archive.sana.sy\/tr\/index.php?rest_route=\/wp\/v2\/users\/44"}],"replies":[{"embeddable":true,"href":"https:\/\/archive.sana.sy\/tr\/index.php?rest_route=%2Fwp%2Fv2%2Fcomments&post=321354"}],"version-history":[{"count":1,"href":"https:\/\/archive.sana.sy\/tr\/index.php?rest_route=\/wp\/v2\/posts\/321354\/revisions"}],"predecessor-version":[{"id":321356,"href":"https:\/\/archive.sana.sy\/tr\/index.php?rest_route=\/wp\/v2\/posts\/321354\/revisions\/321356"}],"wp:featuredmedia":[{"embeddable":true,"href":"https:\/\/archive.sana.sy\/tr\/index.php?rest_route=\/wp\/v2\/media\/321355"}],"wp:attachment":[{"href":"https:\/\/archive.sana.sy\/tr\/index.php?rest_route=%2Fwp%2Fv2%2Fmedia&parent=321354"}],"wp:term":[{"taxonomy":"category","embeddable":true,"href":"https:\/\/archive.sana.sy\/tr\/index.php?rest_route=%2Fwp%2Fv2%2Fcategories&post=321354"},{"taxonomy":"post_tag","embeddable":true,"href":"https:\/\/archive.sana.sy\/tr\/index.php?rest_route=%2Fwp%2Fv2%2Ftags&post=321354"}],"curies":[{"name":"wp","href":"https:\/\/api.w.org\/{rel}","templated":true}]}}