{"id":321359,"date":"2025-05-16T10:00:20","date_gmt":"2025-05-16T07:00:20","guid":{"rendered":"https:\/\/sana.sy\/tr\/?p=321359"},"modified":"2025-05-16T12:27:32","modified_gmt":"2025-05-16T09:27:32","slug":"bm-acil-yardim-koordinatoru-suriyeye-yonelik-yaptirimlarin-kaldirilmasi-ulkeyi-kalkinmaya-dogru-tasimak-icin-bir-firsattir","status":"publish","type":"post","link":"https:\/\/archive.sana.sy\/tr\/?p=321359","title":{"rendered":"BM Acil Yard\u0131m Koordinat\u00f6r\u00fc: Suriye&#8217;ye Y\u00f6nelik Yapt\u0131r\u0131mlar\u0131n Kald\u0131r\u0131lmas\u0131, \u00dclkeyi Kalk\u0131nmaya Do\u011fru Ta\u015f\u0131mak \u0130\u00e7in Bir F\u0131rsatt\u0131r"},"content":{"rendered":"<p style=\"text-align: justify;\"><span style=\"color: #800000;\"><strong>NEWYORK (SANA) &#8211; <\/strong><\/span>BM Acil Durum Yard\u0131m Koordinat\u00f6r\u00fc Tom Fletcher, ABD Ba\u015fkan\u0131 Donald Trump&#8217;\u0131n Suriye&#8217;ye y\u00f6nelik yapt\u0131r\u0131mlar\u0131 kald\u0131rma karar\u0131n\u0131 memnuniyetle kar\u015f\u0131lad\u0131.<\/p>\n<p style=\"text-align: justify;\">Fletcher, d\u00fcn d\u00fczenlenen Birle\u015fmi\u015f Milletler Ekonomik ve Sosyal Konseyi&#8217;nin \u0130nsani \u0130\u015fler B\u00f6l\u00fcm\u00fc&#8217;n\u00fcn 2025 toplant\u0131s\u0131nda yapt\u0131\u011f\u0131 konu\u015fmada \u015fu ifadeleri kulland\u0131: \u00a0&#8221;Suriye&#8217;de yapt\u0131r\u0131mlar\u0131n kald\u0131r\u0131lmas\u0131 konusunda son iki g\u00fcnde kaydedilen ilerlemeyi memnuniyetle kar\u015f\u0131l\u0131yor.&#8221;<\/p>\n<p style=\"text-align: justify;\">Fletcher ayr\u0131ca, Suriye&#8217;nin, Suriye halk\u0131n\u0131n ve b\u00f6lgenin \u00e7\u0131karlar\u0131na hizmet eden bir kalk\u0131nma yoluna y\u00f6nlendirilmesi f\u0131rsat\u0131n\u0131n bulundu\u011funu da s\u00f6zlerine kaydetti.<\/p>\n","protected":false},"excerpt":{"rendered":"<p>NEWYORK (SANA) &#8211; BM Acil Durum Yard\u0131m Koordinat\u00f6r\u00fc Tom Fletcher, ABD Ba\u015fkan\u0131 Donald Trump&#8217;\u0131n Suriye&#8217;ye y\u00f6nelik yapt\u0131r\u0131mlar\u0131 kald\u0131rma karar\u0131n\u0131 memnuniyetle kar\u015f\u0131lad\u0131. Fletcher, d\u00fcn d\u00fczenlenen Birle\u015fmi\u015f Milletler Ekonomik ve Sosyal Konseyi&#8217;nin \u0130nsani \u0130\u015fler B\u00f6l\u00fcm\u00fc&#8217;n\u00fcn 2025 toplant\u0131s\u0131nda yapt\u0131\u011f\u0131 konu\u015fmada \u015fu ifadeleri kulland\u0131: \u00a0&#8221;Suriye&#8217;de yapt\u0131r\u0131mlar\u0131n kald\u0131r\u0131lmas\u0131 konusunda son iki g\u00fcnde kaydedilen ilerlemeyi memnuniyetle kar\u015f\u0131l\u0131yor.&#8221; Fletcher ayr\u0131ca, Suriye&#8217;nin, Suriye &hellip;<\/p>\n","protected":false},"author":44,"featured_media":321360,"comment_status":"closed","ping_status":"closed","sticky":false,"template":"","format":"standard","meta":{"footnotes":""},"categories":[458,589,459,17988],"tags":[43871,43872],"class_list":["post-321359","post","type-post","status-publish","format-standard","has-post-thumbnail","","category-dunya1","category-haber-seridi","category-haberler-arap-uluslararasi-politika","category-son-haberler","tag-bm-acil-yardim-koordinatoru-suriyeye-yonelik-yaptirimlarin-kaldirilmasi","tag-ulkeyi-kalkinmaya-dogru-tasimak-icin-bir-firsattir"],"_links":{"self":[{"href":"https:\/\/archive.sana.sy\/tr\/index.php?rest_route=\/wp\/v2\/posts\/321359","targetHints":{"allow":["GET"]}}],"collection":[{"href":"https:\/\/archive.sana.sy\/tr\/index.php?rest_route=\/wp\/v2\/posts"}],"about":[{"href":"https:\/\/archive.sana.sy\/tr\/index.php?rest_route=\/wp\/v2\/types\/post"}],"author":[{"embeddable":true,"href":"https:\/\/archive.sana.sy\/tr\/index.php?rest_route=\/wp\/v2\/users\/44"}],"replies":[{"embeddable":true,"href":"https:\/\/archive.sana.sy\/tr\/index.php?rest_route=%2Fwp%2Fv2%2Fcomments&post=321359"}],"version-history":[{"count":1,"href":"https:\/\/archive.sana.sy\/tr\/index.php?rest_route=\/wp\/v2\/posts\/321359\/revisions"}],"predecessor-version":[{"id":321361,"href":"https:\/\/archive.sana.sy\/tr\/index.php?rest_route=\/wp\/v2\/posts\/321359\/revisions\/321361"}],"wp:featuredmedia":[{"embeddable":true,"href":"https:\/\/archive.sana.sy\/tr\/index.php?rest_route=\/wp\/v2\/media\/321360"}],"wp:attachment":[{"href":"https:\/\/archive.sana.sy\/tr\/index.php?rest_route=%2Fwp%2Fv2%2Fmedia&parent=321359"}],"wp:term":[{"taxonomy":"category","embeddable":true,"href":"https:\/\/archive.sana.sy\/tr\/index.php?rest_route=%2Fwp%2Fv2%2Fcategories&post=321359"},{"taxonomy":"post_tag","embeddable":true,"href":"https:\/\/archive.sana.sy\/tr\/index.php?rest_route=%2Fwp%2Fv2%2Ftags&post=321359"}],"curies":[{"name":"wp","href":"https:\/\/api.w.org\/{rel}","templated":true}]}}