{"id":321419,"date":"2025-05-18T09:56:09","date_gmt":"2025-05-18T06:56:09","guid":{"rendered":"https:\/\/sana.sy\/tr\/?p=321419"},"modified":"2025-05-18T17:46:53","modified_gmt":"2025-05-18T14:46:53","slug":"disisleri-bakani-fasli-mevkidasiyla-diplomatik-iliskilerin-kurulmasi-ve-buyukelciliklerin-acilmasi-konusunda-anlasti","status":"publish","type":"post","link":"https:\/\/archive.sana.sy\/tr\/?p=321419","title":{"rendered":"D\u0131\u015fi\u015fleri Bakan\u0131, Fasl\u0131 Mevkida\u015f\u0131yla Diplomatik \u0130li\u015fkilerin Kurulmas\u0131 Ve B\u00fcy\u00fckel\u00e7iliklerin A\u00e7\u0131lmas\u0131 Konusunda Anla\u015ft\u0131"},"content":{"rendered":"<p style=\"text-align: justify;\"><strong>BA\u011eDAT (SANA) \u2013 <\/strong>Arap Birli\u011fi&#8217;nin Ba\u011fdat\u2019ta d\u00fczenlenen 34. Zirvesi kapsam\u0131nda, Suriye Arap Cumhuriyeti D\u0131\u015fi\u015fleri ve Gurbet\u00e7iler Bakan\u0131 Say\u0131n Esaad El \u015eeybani ile Fas Krall\u0131\u011f\u0131 D\u0131\u015fi\u015fleri Bakan\u0131 Say\u0131n Nas\u0131r Burita aras\u0131nda bir g\u00f6r\u00fc\u015fme ger\u00e7ekle\u015ftirildi.<\/p>\n<p style=\"text-align: justify;\">Taraflar, Suriye Arap Cumhuriyeti ile Fas Krall\u0131\u011f\u0131 aras\u0131nda kar\u015f\u0131l\u0131kl\u0131 sayg\u0131 ve ortak karde\u015flik \u00e7er\u00e7evesinde ikili diplomatik ili\u015fkilerin kurulmas\u0131 konusunda mutabakata vard\u0131.<\/p>\n<p style=\"text-align: justify;\">Fas Krall\u0131\u011f\u0131, \u015eam\u2019daki b\u00fcy\u00fckel\u00e7ili\u011fini a\u00e7ma niyetini dile getirirken, Suriye Arap Cumhuriyeti bu ad\u0131mdan memnuniyet duydu\u011funu ifade etti.<\/p>\n<p style=\"text-align: justify;\">Suriye ayr\u0131ca Rabat\u2019taki b\u00fcy\u00fckel\u00e7ili\u011fini yeniden a\u00e7ma s\u00fcrecine ba\u015flayaca\u011f\u0131n\u0131 belirterek, iki karde\u015f \u00fclke aras\u0131ndaki ili\u015fkilerin ve i\u015f birli\u011finin g\u00fc\u00e7lendirilmesine verdi\u011fi \u00f6nemi vurgulad\u0131.<\/p>\n","protected":false},"excerpt":{"rendered":"<p>BA\u011eDAT (SANA) \u2013 Arap Birli\u011fi&#8217;nin Ba\u011fdat\u2019ta d\u00fczenlenen 34. Zirvesi kapsam\u0131nda, Suriye Arap Cumhuriyeti D\u0131\u015fi\u015fleri ve Gurbet\u00e7iler Bakan\u0131 Say\u0131n Esaad El \u015eeybani ile Fas Krall\u0131\u011f\u0131 D\u0131\u015fi\u015fleri Bakan\u0131 Say\u0131n Nas\u0131r Burita aras\u0131nda bir g\u00f6r\u00fc\u015fme ger\u00e7ekle\u015ftirildi. Taraflar, Suriye Arap Cumhuriyeti ile Fas Krall\u0131\u011f\u0131 aras\u0131nda kar\u015f\u0131l\u0131kl\u0131 sayg\u0131 ve ortak karde\u015flik \u00e7er\u00e7evesinde ikili diplomatik ili\u015fkilerin kurulmas\u0131 konusunda mutabakata vard\u0131. Fas &hellip;<\/p>\n","protected":false},"author":39,"featured_media":321420,"comment_status":"closed","ping_status":"closed","sticky":false,"template":"","format":"standard","meta":{"footnotes":""},"categories":[458,589,459,17988],"tags":[],"class_list":["post-321419","post","type-post","status-publish","format-standard","has-post-thumbnail","","category-dunya1","category-haber-seridi","category-haberler-arap-uluslararasi-politika","category-son-haberler"],"_links":{"self":[{"href":"https:\/\/archive.sana.sy\/tr\/index.php?rest_route=\/wp\/v2\/posts\/321419","targetHints":{"allow":["GET"]}}],"collection":[{"href":"https:\/\/archive.sana.sy\/tr\/index.php?rest_route=\/wp\/v2\/posts"}],"about":[{"href":"https:\/\/archive.sana.sy\/tr\/index.php?rest_route=\/wp\/v2\/types\/post"}],"author":[{"embeddable":true,"href":"https:\/\/archive.sana.sy\/tr\/index.php?rest_route=\/wp\/v2\/users\/39"}],"replies":[{"embeddable":true,"href":"https:\/\/archive.sana.sy\/tr\/index.php?rest_route=%2Fwp%2Fv2%2Fcomments&post=321419"}],"version-history":[{"count":2,"href":"https:\/\/archive.sana.sy\/tr\/index.php?rest_route=\/wp\/v2\/posts\/321419\/revisions"}],"predecessor-version":[{"id":321469,"href":"https:\/\/archive.sana.sy\/tr\/index.php?rest_route=\/wp\/v2\/posts\/321419\/revisions\/321469"}],"wp:featuredmedia":[{"embeddable":true,"href":"https:\/\/archive.sana.sy\/tr\/index.php?rest_route=\/wp\/v2\/media\/321420"}],"wp:attachment":[{"href":"https:\/\/archive.sana.sy\/tr\/index.php?rest_route=%2Fwp%2Fv2%2Fmedia&parent=321419"}],"wp:term":[{"taxonomy":"category","embeddable":true,"href":"https:\/\/archive.sana.sy\/tr\/index.php?rest_route=%2Fwp%2Fv2%2Fcategories&post=321419"},{"taxonomy":"post_tag","embeddable":true,"href":"https:\/\/archive.sana.sy\/tr\/index.php?rest_route=%2Fwp%2Fv2%2Ftags&post=321419"}],"curies":[{"name":"wp","href":"https:\/\/api.w.org\/{rel}","templated":true}]}}