{"id":321449,"date":"2025-05-18T14:29:26","date_gmt":"2025-05-18T11:29:26","guid":{"rendered":"https:\/\/sana.sy\/tr\/?p=321449"},"modified":"2025-05-18T17:49:37","modified_gmt":"2025-05-18T14:49:37","slug":"suriyede-tarim-bakani-uluslararasi-kizilhac-komitesi-heyetiyle-gelecekteki-is-birligi-mekanizmalarini-gorustu","status":"publish","type":"post","link":"https:\/\/archive.sana.sy\/tr\/?p=321449","title":{"rendered":"Suriye\u2019de Tar\u0131m Bakan\u0131, Uluslararas\u0131 K\u0131z\u0131lha\u00e7 Komitesi Heyetiyle Gelecekteki \u0130\u015fbirli\u011fi Mekanizmalar\u0131n\u0131 G\u00f6r\u00fc\u015ft\u00fc"},"content":{"rendered":"<p style=\"text-align: justify;\"><strong>\u015eAM (SANA) &#8211;<\/strong> Tar\u0131m Bakan\u0131 Amcad Bedir, Suriye&#8217;deki Uluslararas\u0131 K\u0131z\u0131lha\u00e7 Komitesi (ICRC) Heyet Ba\u015fkan\u0131 Stephan Sakalian ve beraberindeki heyetle bir araya gelerek iki taraf aras\u0131nda gelecekteki i\u015fbirli\u011fi mekanizmalar\u0131n\u0131 ve Suriye&#8217;deki \u00e7ift\u00e7ilere y\u00f6nelik ortak bir \u00e7al\u0131\u015fma program\u0131 olu\u015fturulmas\u0131n\u0131 g\u00f6r\u00fc\u015ft\u00fc.<\/p>\n<p style=\"text-align: justify;\">Bakan Bedir, K\u0131z\u0131lha\u00e7 Komitesi ile i\u015f birli\u011finin art\u0131r\u0131lmas\u0131n\u0131n ve etkinle\u015ftirilmesinin \u00f6nemine dikkat \u00e7ekerek, daha \u00f6nce uygulanan projelerin canland\u0131r\u0131lmas\u0131 ve \u00f6rg\u00fct\u00fcn Suriye&#8217;de desteklemeyi planlad\u0131\u011f\u0131 projelerin uygulanmas\u0131n\u0131n kolayla\u015ft\u0131r\u0131lmas\u0131 gerekti\u011fini vurgulad\u0131. Ayr\u0131ca, \u00f6rg\u00fct\u00fcn \u00e7al\u0131\u015fmalar\u0131n\u0131 engelleyen sorunlar\u0131n a\u015f\u0131lmas\u0131 ve \u00e7ift\u00e7ilere y\u00f6nelik projelerin uygulanmas\u0131 i\u00e7in ortak bir eylem plan\u0131n\u0131n haz\u0131rlanmas\u0131n\u0131n \u00f6nemine i\u015faret etti.<\/p>\n<p style=\"text-align: justify;\"><img loading=\"lazy\" decoding=\"async\" class=\"size-full wp-image-321451 alignright\" src=\"http:\/\/sana.sy\/tr\/wp-content\/uploads\/2025\/05\/2-21.jpg\" alt=\"\" width=\"300\" height=\"200\" \/>Bakan Bedir, bakanl\u0131\u011f\u0131n, yard\u0131mlar\u0131n ve projelerin daha geni\u015f alanlara yay\u0131lmas\u0131n\u0131 ve daha fazla ihtiya\u00e7 sahibine ula\u015fmas\u0131n\u0131 arzulad\u0131\u011f\u0131n\u0131 ifade ederek, bu durumun Suriyeli \u00e7ift\u00e7ilerin ya\u015fam ko\u015fullar\u0131n\u0131n iyile\u015ftirilmesine katk\u0131 sunaca\u011f\u0131n\u0131 belirtti.<\/p>\n<p style=\"text-align: justify;\">Kendi y\u00f6n\u00fcnden Stefan Sakalian, K\u0131z\u0131lha\u00e7&#8217;\u0131n Suriye&#8217;deki projelerini geni\u015fletmek ve \u00f6zellikle teknik ve su projeleri, hayvan a\u015f\u0131lamalar\u0131 ve bakanl\u0131k personelinin bilimsel e\u011fitimleri olmak \u00fczere \u00e7ok say\u0131da projeyi desteklemek ve finanse etmek istedi\u011fini dile getirdi.<\/p>\n<p style=\"text-align: justify;\">Sakalian, i\u015fbirli\u011finin bir mutabakat zapt\u0131 \u00e7er\u00e7evesinde kurumsalla\u015ft\u0131r\u0131lmas\u0131n\u0131n, \u00f6nceliklerin netle\u015ftirilmesinin ve yard\u0131m a\u015famas\u0131ndan, daha s\u00fcrd\u00fcr\u00fclebilir projeler yoluyla ge\u00e7im kaynaklar\u0131n\u0131n desteklenmesine ve do\u011frudan deste\u011fe ge\u00e7ilmesinin \u00f6nemine dikkat \u00e7ekti.<\/p>\n","protected":false},"excerpt":{"rendered":"<p>\u015eAM (SANA) &#8211; Tar\u0131m Bakan\u0131 Amcad Bedir, Suriye&#8217;deki Uluslararas\u0131 K\u0131z\u0131lha\u00e7 Komitesi (ICRC) Heyet Ba\u015fkan\u0131 Stephan Sakalian ve beraberindeki heyetle bir araya gelerek iki taraf aras\u0131nda gelecekteki i\u015fbirli\u011fi mekanizmalar\u0131n\u0131 ve Suriye&#8217;deki \u00e7ift\u00e7ilere y\u00f6nelik ortak bir \u00e7al\u0131\u015fma program\u0131 olu\u015fturulmas\u0131n\u0131 g\u00f6r\u00fc\u015ft\u00fc. Bakan Bedir, K\u0131z\u0131lha\u00e7 Komitesi ile i\u015f birli\u011finin art\u0131r\u0131lmas\u0131n\u0131n ve etkinle\u015ftirilmesinin \u00f6nemine dikkat \u00e7ekerek, daha \u00f6nce uygulanan projelerin &hellip;<\/p>\n","protected":false},"author":39,"featured_media":321450,"comment_status":"closed","ping_status":"closed","sticky":false,"template":"","format":"standard","meta":{"footnotes":""},"categories":[589,479,17988,478],"tags":[],"class_list":["post-321449","post","type-post","status-publish","format-standard","has-post-thumbnail","","category-haber-seridi","category-haberler-yerel","category-son-haberler","category-yerel"],"_links":{"self":[{"href":"https:\/\/archive.sana.sy\/tr\/index.php?rest_route=\/wp\/v2\/posts\/321449","targetHints":{"allow":["GET"]}}],"collection":[{"href":"https:\/\/archive.sana.sy\/tr\/index.php?rest_route=\/wp\/v2\/posts"}],"about":[{"href":"https:\/\/archive.sana.sy\/tr\/index.php?rest_route=\/wp\/v2\/types\/post"}],"author":[{"embeddable":true,"href":"https:\/\/archive.sana.sy\/tr\/index.php?rest_route=\/wp\/v2\/users\/39"}],"replies":[{"embeddable":true,"href":"https:\/\/archive.sana.sy\/tr\/index.php?rest_route=%2Fwp%2Fv2%2Fcomments&post=321449"}],"version-history":[{"count":3,"href":"https:\/\/archive.sana.sy\/tr\/index.php?rest_route=\/wp\/v2\/posts\/321449\/revisions"}],"predecessor-version":[{"id":321471,"href":"https:\/\/archive.sana.sy\/tr\/index.php?rest_route=\/wp\/v2\/posts\/321449\/revisions\/321471"}],"wp:featuredmedia":[{"embeddable":true,"href":"https:\/\/archive.sana.sy\/tr\/index.php?rest_route=\/wp\/v2\/media\/321450"}],"wp:attachment":[{"href":"https:\/\/archive.sana.sy\/tr\/index.php?rest_route=%2Fwp%2Fv2%2Fmedia&parent=321449"}],"wp:term":[{"taxonomy":"category","embeddable":true,"href":"https:\/\/archive.sana.sy\/tr\/index.php?rest_route=%2Fwp%2Fv2%2Fcategories&post=321449"},{"taxonomy":"post_tag","embeddable":true,"href":"https:\/\/archive.sana.sy\/tr\/index.php?rest_route=%2Fwp%2Fv2%2Ftags&post=321449"}],"curies":[{"name":"wp","href":"https:\/\/api.w.org\/{rel}","templated":true}]}}