{"id":321459,"date":"2025-05-18T17:17:49","date_gmt":"2025-05-18T14:17:49","guid":{"rendered":"https:\/\/sana.sy\/tr\/?p=321459"},"modified":"2025-05-19T16:58:30","modified_gmt":"2025-05-19T13:58:30","slug":"cumhurbaskani-el-sara-ulusal-gecis-adaleti-otoritesini-kuran-20-sayili-kararnameyi-yayinladi","status":"publish","type":"post","link":"https:\/\/archive.sana.sy\/tr\/?p=321459","title":{"rendered":"Cumhurba\u015fkan\u0131 El \u015eara, Ulusal Ge\u00e7i\u015f Adaleti Otoritesi&#8217;ni Kuran (20) Say\u0131l\u0131 Kararnameyi Yay\u0131nlad\u0131"},"content":{"rendered":"<p style=\"text-align: justify;\"><span style=\"color: #800000;\"><strong>\u015eAM (SANA)<\/strong> &#8211;<\/span>\u00a0 Suriye Arap Cumhuriyeti Cumhurb\u015fkan\u0131 Say\u0131n Ahmed El \u015eara, Ulusal Ge\u00e7i\u015f Adaleti Otoritesi&#8217;ni kuran (20) say\u0131l\u0131 kararnameyi yay\u0131nlad\u0131.<\/p>\n<p style=\"text-align: justify;\">Ad\u0131 ge\u00e7en otorite, devrik rejimin i\u015fledi\u011fi a\u011f\u0131r ihlallere ili\u015fkin ger\u00e7e\u011fi ortaya \u00e7\u0131karmay\u0131, sorumlular\u0131n ilgili makamlarla koordinasyon i\u00e7inde hesap vermesini sa\u011flamay\u0131, ma\u011fdurlara verilen zarar\u0131 onarmay\u0131, tekerr\u00fcr etmeme ve ulusal uzla\u015f\u0131 ilkelerini g\u00fc\u00e7lendirmeyi \u00fcstlenmektedir.<\/p>\n<p style=\"text-align: justify;\">Abdulbasit Abdullatif ba\u015fkan\u0131 \u00a0olarak atanan bu otorite, bu duyurunun yay\u0131mland\u0131\u011f\u0131 tarihten itibaren (30) g\u00fcn\u00fc ge\u00e7meyen bir s\u00fcre i\u00e7erisinde \u00e7al\u0131\u015fma ekibini olu\u015fturmak ve i\u00e7 y\u00f6netmeli\u011fi haz\u0131rlamakla y\u00fck\u00fcml\u00fcd\u00fcr.<\/p>\n<p><img loading=\"lazy\" decoding=\"async\" class=\"aligncenter wp-image-321461 size-full\" src=\"http:\/\/sana.sy\/tr\/wp-content\/uploads\/2025\/05\/4-3.jpg\" alt=\"\" width=\"660\" height=\"965\" srcset=\"https:\/\/archive.sana.sy\/tr\/wp-content\/uploads\/2025\/05\/4-3.jpg 660w, https:\/\/archive.sana.sy\/tr\/wp-content\/uploads\/2025\/05\/4-3-205x300.jpg 205w\" sizes=\"auto, (max-width: 660px) 100vw, 660px\" \/><\/p>\n","protected":false},"excerpt":{"rendered":"<p>\u015eAM (SANA) &#8211;\u00a0 Suriye Arap Cumhuriyeti Cumhurb\u015fkan\u0131 Say\u0131n Ahmed El \u015eara, Ulusal Ge\u00e7i\u015f Adaleti Otoritesi&#8217;ni kuran (20) say\u0131l\u0131 kararnameyi yay\u0131nlad\u0131. Ad\u0131 ge\u00e7en otorite, devrik rejimin i\u015fledi\u011fi a\u011f\u0131r ihlallere ili\u015fkin ger\u00e7e\u011fi ortaya \u00e7\u0131karmay\u0131, sorumlular\u0131n ilgili makamlarla koordinasyon i\u00e7inde hesap vermesini sa\u011flamay\u0131, ma\u011fdurlara verilen zarar\u0131 onarmay\u0131, tekerr\u00fcr etmeme ve ulusal uzla\u015f\u0131 ilkelerini g\u00fc\u00e7lendirmeyi \u00fcstlenmektedir. Abdulbasit Abdullatif ba\u015fkan\u0131 &hellip;<\/p>\n","protected":false},"author":41,"featured_media":321457,"comment_status":"closed","ping_status":"closed","sticky":false,"template":"","format":"standard","meta":{"footnotes":""},"categories":[589,479,17988,478],"tags":[],"class_list":["post-321459","post","type-post","status-publish","format-standard","has-post-thumbnail","","category-haber-seridi","category-haberler-yerel","category-son-haberler","category-yerel"],"_links":{"self":[{"href":"https:\/\/archive.sana.sy\/tr\/index.php?rest_route=\/wp\/v2\/posts\/321459","targetHints":{"allow":["GET"]}}],"collection":[{"href":"https:\/\/archive.sana.sy\/tr\/index.php?rest_route=\/wp\/v2\/posts"}],"about":[{"href":"https:\/\/archive.sana.sy\/tr\/index.php?rest_route=\/wp\/v2\/types\/post"}],"author":[{"embeddable":true,"href":"https:\/\/archive.sana.sy\/tr\/index.php?rest_route=\/wp\/v2\/users\/41"}],"replies":[{"embeddable":true,"href":"https:\/\/archive.sana.sy\/tr\/index.php?rest_route=%2Fwp%2Fv2%2Fcomments&post=321459"}],"version-history":[{"count":2,"href":"https:\/\/archive.sana.sy\/tr\/index.php?rest_route=\/wp\/v2\/posts\/321459\/revisions"}],"predecessor-version":[{"id":321527,"href":"https:\/\/archive.sana.sy\/tr\/index.php?rest_route=\/wp\/v2\/posts\/321459\/revisions\/321527"}],"wp:featuredmedia":[{"embeddable":true,"href":"https:\/\/archive.sana.sy\/tr\/index.php?rest_route=\/wp\/v2\/media\/321457"}],"wp:attachment":[{"href":"https:\/\/archive.sana.sy\/tr\/index.php?rest_route=%2Fwp%2Fv2%2Fmedia&parent=321459"}],"wp:term":[{"taxonomy":"category","embeddable":true,"href":"https:\/\/archive.sana.sy\/tr\/index.php?rest_route=%2Fwp%2Fv2%2Fcategories&post=321459"},{"taxonomy":"post_tag","embeddable":true,"href":"https:\/\/archive.sana.sy\/tr\/index.php?rest_route=%2Fwp%2Fv2%2Ftags&post=321459"}],"curies":[{"name":"wp","href":"https:\/\/api.w.org\/{rel}","templated":true}]}}