{"id":321499,"date":"2025-05-19T12:36:11","date_gmt":"2025-05-19T09:36:11","guid":{"rendered":"https:\/\/sana.sy\/tr\/?p=321499"},"modified":"2025-05-19T16:04:44","modified_gmt":"2025-05-19T13:04:44","slug":"suriyenin-katilimiyla-78-dunya-saglik-asamblesi-cenevrede-basladi","status":"publish","type":"post","link":"https:\/\/archive.sana.sy\/tr\/?p=321499","title":{"rendered":"Suriye&#8217;nin Kat\u0131l\u0131m\u0131yla 78. D\u00fcnya Sa\u011fl\u0131k Asamblesi Cenevre\u2019de Ba\u015flad\u0131"},"content":{"rendered":"<p style=\"text-align: justify;\"><strong><span style=\"color: #800000;\">CENEVRE (SANA)<\/span> \u2013\u00a0 <\/strong>Sa\u011fl\u0131k Bakan\u0131\u00a0 Musab El Ali\u2019nin kat\u0131l\u0131m\u0131yla, 78. D\u00fcnya Sa\u011fl\u0131k Asamblesi\u2019nin \u00e7al\u0131\u015fmalar\u0131 bug\u00fcn Cenevre\u2019de \u201cSa\u011fl\u0131k \u0130\u00e7in Tek Bir D\u00fcnya\u201d slogan\u0131yla ba\u015flad\u0131.<\/p>\n<p style=\"text-align: justify;\">Asamble, 27 May\u0131s\u2019a kadar devam edecek.<\/p>\n","protected":false},"excerpt":{"rendered":"<p>CENEVRE (SANA) \u2013\u00a0 Sa\u011fl\u0131k Bakan\u0131\u00a0 Musab El Ali\u2019nin kat\u0131l\u0131m\u0131yla, 78. D\u00fcnya Sa\u011fl\u0131k Asamblesi\u2019nin \u00e7al\u0131\u015fmalar\u0131 bug\u00fcn Cenevre\u2019de \u201cSa\u011fl\u0131k \u0130\u00e7in Tek Bir D\u00fcnya\u201d slogan\u0131yla ba\u015flad\u0131. Asamble, 27 May\u0131s\u2019a kadar devam edecek.<\/p>\n","protected":false},"author":39,"featured_media":321500,"comment_status":"closed","ping_status":"closed","sticky":false,"template":"","format":"standard","meta":{"footnotes":""},"categories":[458,589,459,17988],"tags":[],"class_list":["post-321499","post","type-post","status-publish","format-standard","has-post-thumbnail","","category-dunya1","category-haber-seridi","category-haberler-arap-uluslararasi-politika","category-son-haberler"],"_links":{"self":[{"href":"https:\/\/archive.sana.sy\/tr\/index.php?rest_route=\/wp\/v2\/posts\/321499","targetHints":{"allow":["GET"]}}],"collection":[{"href":"https:\/\/archive.sana.sy\/tr\/index.php?rest_route=\/wp\/v2\/posts"}],"about":[{"href":"https:\/\/archive.sana.sy\/tr\/index.php?rest_route=\/wp\/v2\/types\/post"}],"author":[{"embeddable":true,"href":"https:\/\/archive.sana.sy\/tr\/index.php?rest_route=\/wp\/v2\/users\/39"}],"replies":[{"embeddable":true,"href":"https:\/\/archive.sana.sy\/tr\/index.php?rest_route=%2Fwp%2Fv2%2Fcomments&post=321499"}],"version-history":[{"count":4,"href":"https:\/\/archive.sana.sy\/tr\/index.php?rest_route=\/wp\/v2\/posts\/321499\/revisions"}],"predecessor-version":[{"id":321511,"href":"https:\/\/archive.sana.sy\/tr\/index.php?rest_route=\/wp\/v2\/posts\/321499\/revisions\/321511"}],"wp:featuredmedia":[{"embeddable":true,"href":"https:\/\/archive.sana.sy\/tr\/index.php?rest_route=\/wp\/v2\/media\/321500"}],"wp:attachment":[{"href":"https:\/\/archive.sana.sy\/tr\/index.php?rest_route=%2Fwp%2Fv2%2Fmedia&parent=321499"}],"wp:term":[{"taxonomy":"category","embeddable":true,"href":"https:\/\/archive.sana.sy\/tr\/index.php?rest_route=%2Fwp%2Fv2%2Fcategories&post=321499"},{"taxonomy":"post_tag","embeddable":true,"href":"https:\/\/archive.sana.sy\/tr\/index.php?rest_route=%2Fwp%2Fv2%2Ftags&post=321499"}],"curies":[{"name":"wp","href":"https:\/\/api.w.org\/{rel}","templated":true}]}}