{"id":321522,"date":"2025-05-19T16:56:31","date_gmt":"2025-05-19T13:56:31","guid":{"rendered":"https:\/\/sana.sy\/tr\/?p=321522"},"modified":"2025-05-20T16:58:59","modified_gmt":"2025-05-20T13:58:59","slug":"disisleri-ve-gurbetciler-bakanligi-suriyenin-uluslararasi-is-birligini-etkinlestirme-vizyonunu-acikladi","status":"publish","type":"post","link":"https:\/\/archive.sana.sy\/tr\/?p=321522","title":{"rendered":"D\u0131\u015fi\u015fleri Bakanl\u0131\u011f\u0131, Suriye&#8217;nin Uluslararas\u0131 \u0130\u015f Birli\u011fini Etkinle\u015ftirme Vizyonunu A\u00e7\u0131klad\u0131"},"content":{"rendered":"<p style=\"text-align: justify;\"><strong><span style=\"color: #800000;\">\u015eAM (SANA)<\/span> &#8211;<\/strong> D\u0131\u015fi\u015fleri ve Gurbet\u00e7iler Bakanl\u0131\u011f\u0131, Suriye devletinin bug\u00fcn, i\u015fbirli\u011fi ve a\u00e7\u0131kl\u0131\u011fa dayal\u0131 yeni bir vizyonla Arap ve uluslararas\u0131 haritalarda do\u011fal konumuna kavu\u015ftu\u011funu belirterek, Suriye&#8217;nin gelece\u011finin, \u00e7evresinde g\u00fc\u00e7l\u00fc, a\u00e7\u0131k, dengeli ve etkili bir devlet olarak in\u015fa edilmesi i\u00e7in uluslararas\u0131 toplumla ortak eylemin harekete ge\u00e7irilmesi \u00e7a\u011fr\u0131s\u0131nda bulundu.<\/p>\n<p style=\"text-align: justify;\">Bakanl\u0131k, Telegram kanal\u0131ndan yapt\u0131\u011f\u0131 a\u00e7\u0131klamada \u015funlar\u0131 s\u00f6yledi: \u2018\u2019Suriye Arap Cumhuriyeti tarihinin \u00f6nemli bir an\u0131nda, y\u0131llarca tiranl\u0131k politikalar\u0131n\u0131n dayatt\u0131\u011f\u0131 izolasyon ve yaln\u0131zla\u015fman\u0131n ard\u0131ndan, Suriye devleti bug\u00fcn i\u015fbirli\u011fi ve a\u00e7\u0131kl\u0131k ad\u0131n\u0131 ta\u015f\u0131yan yeni bir vizyonla Arap ve uluslararas\u0131 haritalardaki do\u011fal konumunu yeniden kazan\u0131yor. 2025 tarihli (18) say\u0131l\u0131 Cumhuriyet Kararnamesi, uluslararas\u0131 toplumla ili\u015fkilerin temellerini e\u015fit i\u015fbirli\u011fi temelinde yeniden in\u015fa etmeyi ama\u00e7lamaktad\u0131r.\u2019\u2019<\/p>\n<p style=\"text-align: justify;\">Bakanl\u0131k \u015funlar\u0131 ekledi: \u2018\u2019Suriye devletinin yeniden in\u015fas\u0131 sadece d\u0131\u015f destekle veya maddi yeniden yap\u0131lanmayla s\u0131n\u0131rl\u0131 de\u011fil. Bunun yerine, uluslararas\u0131 i\u015f birli\u011finin yeniden yap\u0131land\u0131r\u0131lmas\u0131 ve \u00fclkeler, uluslararas\u0131 \u00f6rg\u00fctler ve kurumlarla ikili ve \u00e7ok tarafl\u0131 ortakl\u0131klar\u0131n etkinle\u015ftirilmesiyle iyile\u015fme \u00e7abalar\u0131na hizmet edilmesi hedeflenmektedir.\u2019\u2019<\/p>\n<p style=\"text-align: justify;\">A\u00e7\u0131klamada ayr\u0131ca, D\u0131\u015fi\u015fleri Bakanl\u0131\u011f\u0131n\u0131n, uluslararas\u0131 i\u015fbirli\u011fi kanallar\u0131n\u0131n kurumsal ve \u00f6rg\u00fctl\u00fc bir \u015fekilde yeniden faaliyete ge\u00e7irilmesine, ulusal \u00e7abalar ile d\u0131\u015f giri\u015fimler aras\u0131nda uyumun sa\u011flanmas\u0131na, kar\u015f\u0131l\u0131kl\u0131 \u00e7\u0131kar ve ulusal egemenlik temelinde ortakl\u0131k ilkesinin yerle\u015fmesine imk\u00e2n verecek \u015fekilde etkin \u00f6rg\u00fctsel rol\u00fcn\u00fc yerine getirmek amac\u0131yla bu yeni \u00e7er\u00e7eve \u00fczerinde ilerledi\u011fi belirtildi.<\/p>\n<p style=\"text-align: justify;\">Bakanl\u0131k yapt\u0131\u011f\u0131 a\u00e7\u0131klamada, uluslararas\u0131 ortaklarla ileti\u015fim kurulmas\u0131 ve uluslararas\u0131 i\u015fbirli\u011fi ile kalk\u0131nma \u00f6nceliklerinin ortak planlanmas\u0131 ve uygulanmas\u0131 i\u00e7in gerekli kaynaklar\u0131n sa\u011flanmas\u0131 konusunda di\u011fer bakanl\u0131k ve kurumlar\u0131n \u00e7abalar\u0131n\u0131 destekleme taahh\u00fcd\u00fcn\u00fc de teyit etti.<\/p>\n<p style=\"text-align: justify;\">Bu kapsamda, Bakanl\u0131k a\u00e7\u0131klamas\u0131na g\u00f6re, Uluslararas\u0131 \u0130\u015fbirli\u011fi ve Kalk\u0131nma \u0130\u015fleri Dairesi Ba\u015fkanl\u0131\u011f\u0131, uluslararas\u0131 ve don\u00f6r kurulu\u015flarla ili\u015fkileri d\u00fczenlemek ve koordine etmek, stratejik planlamaya destek olmak, \u015feffafl\u0131\u011f\u0131 sa\u011flamak, ikili ve \u00e7ok tarafl\u0131 taahh\u00fctlerin uygulanmas\u0131n\u0131 izlemek, b\u00f6ylece ulusal vizyon ile d\u0131\u015f i\u015fbirli\u011fi ara\u00e7lar\u0131 aras\u0131ndaki entegrasyonu sa\u011flamakla g\u00f6revlidir.<\/p>\n<p style=\"text-align: justify;\">Bu a\u015faman\u0131n t\u00fcm uluslararas\u0131 ortaklar\u0131n Suriye ile yap\u0131c\u0131 bir \u015fekilde etkile\u015fim kurmas\u0131n\u0131 ve yaln\u0131zca destek yoluyla de\u011fil, ayn\u0131 zamanda uzun vadeli ili\u015fkilere yat\u0131r\u0131m yaparak kapsaml\u0131 iyile\u015fmeye do\u011fru yolculu\u011funa katk\u0131da bulunmas\u0131n\u0131 gerektirdi\u011fini vurgulayan Bakanl\u0131k, \u2018\u2019D\u0131\u015fi\u015fleri ve Gurbet\u00e7iler Bakanl\u0131\u011f\u0131, bu rol\u00fcn Suriye devletinin vizyonu i\u00e7indeki \u00f6nemini vurgularken, Suriye&#8217;nin gelece\u011fini, \u00e7evresiyle birlikte g\u00fc\u00e7l\u00fc, a\u00e7\u0131k, dengeli ve etkili bir devlet olarak in\u015fa etmek i\u00e7in uluslararas\u0131 toplumla daha fazla ortak eylem \u00e7a\u011fr\u0131s\u0131nda bulunmaktad\u0131r\u2019\u2019 ifadelerini kulland\u0131.<\/p>\n<p style=\"text-align: justify;\">\n","protected":false},"excerpt":{"rendered":"<p>\u015eAM (SANA) &#8211; D\u0131\u015fi\u015fleri ve Gurbet\u00e7iler Bakanl\u0131\u011f\u0131, Suriye devletinin bug\u00fcn, i\u015fbirli\u011fi ve a\u00e7\u0131kl\u0131\u011fa dayal\u0131 yeni bir vizyonla Arap ve uluslararas\u0131 haritalarda do\u011fal konumuna kavu\u015ftu\u011funu belirterek, Suriye&#8217;nin gelece\u011finin, \u00e7evresinde g\u00fc\u00e7l\u00fc, a\u00e7\u0131k, dengeli ve etkili bir devlet olarak in\u015fa edilmesi i\u00e7in uluslararas\u0131 toplumla ortak eylemin harekete ge\u00e7irilmesi \u00e7a\u011fr\u0131s\u0131nda bulundu. Bakanl\u0131k, Telegram kanal\u0131ndan yapt\u0131\u011f\u0131 a\u00e7\u0131klamada \u015funlar\u0131 s\u00f6yledi: \u2018\u2019Suriye &hellip;<\/p>\n","protected":false},"author":41,"featured_media":321523,"comment_status":"closed","ping_status":"closed","sticky":false,"template":"","format":"standard","meta":{"footnotes":""},"categories":[589,479,17988,478],"tags":[],"class_list":["post-321522","post","type-post","status-publish","format-standard","has-post-thumbnail","","category-haber-seridi","category-haberler-yerel","category-son-haberler","category-yerel"],"_links":{"self":[{"href":"https:\/\/archive.sana.sy\/tr\/index.php?rest_route=\/wp\/v2\/posts\/321522","targetHints":{"allow":["GET"]}}],"collection":[{"href":"https:\/\/archive.sana.sy\/tr\/index.php?rest_route=\/wp\/v2\/posts"}],"about":[{"href":"https:\/\/archive.sana.sy\/tr\/index.php?rest_route=\/wp\/v2\/types\/post"}],"author":[{"embeddable":true,"href":"https:\/\/archive.sana.sy\/tr\/index.php?rest_route=\/wp\/v2\/users\/41"}],"replies":[{"embeddable":true,"href":"https:\/\/archive.sana.sy\/tr\/index.php?rest_route=%2Fwp%2Fv2%2Fcomments&post=321522"}],"version-history":[{"count":3,"href":"https:\/\/archive.sana.sy\/tr\/index.php?rest_route=\/wp\/v2\/posts\/321522\/revisions"}],"predecessor-version":[{"id":321529,"href":"https:\/\/archive.sana.sy\/tr\/index.php?rest_route=\/wp\/v2\/posts\/321522\/revisions\/321529"}],"wp:featuredmedia":[{"embeddable":true,"href":"https:\/\/archive.sana.sy\/tr\/index.php?rest_route=\/wp\/v2\/media\/321523"}],"wp:attachment":[{"href":"https:\/\/archive.sana.sy\/tr\/index.php?rest_route=%2Fwp%2Fv2%2Fmedia&parent=321522"}],"wp:term":[{"taxonomy":"category","embeddable":true,"href":"https:\/\/archive.sana.sy\/tr\/index.php?rest_route=%2Fwp%2Fv2%2Fcategories&post=321522"},{"taxonomy":"post_tag","embeddable":true,"href":"https:\/\/archive.sana.sy\/tr\/index.php?rest_route=%2Fwp%2Fv2%2Ftags&post=321522"}],"curies":[{"name":"wp","href":"https:\/\/api.w.org\/{rel}","templated":true}]}}