{"id":321534,"date":"2025-05-20T12:23:26","date_gmt":"2025-05-20T09:23:26","guid":{"rendered":"https:\/\/sana.sy\/tr\/?p=321534"},"modified":"2025-05-20T12:23:26","modified_gmt":"2025-05-20T09:23:26","slug":"kallas-avrupa-birliginin-bugun-suriyeye-yonelik-yaptirimlarin-kaldirilmasi-yonunde-bir-karara-varmasini-umuyoruz","status":"publish","type":"post","link":"https:\/\/archive.sana.sy\/tr\/?p=321534","title":{"rendered":"Kallas: Avrupa Birli\u011fi&#8217;nin Bug\u00fcn Suriye&#8217;ye Y\u00f6nelik Yapt\u0131r\u0131mlar\u0131n Kald\u0131r\u0131lmas\u0131 Y\u00f6n\u00fcnde Bir Karara Varmas\u0131n\u0131 Umuyoruz"},"content":{"rendered":"<p style=\"text-align: justify;\"><strong><span style=\"color: #800000;\">BR\u00dcKSEL (SANA)<\/span> &#8211;<\/strong>\u00a0 Avrupa Birli\u011fi D\u0131\u015f Politika Y\u00fcksek Temsilcisi Kaya Kallas, bug\u00fcn Br\u00fcksel&#8217;de bir araya gelen AB d\u0131\u015fi\u015fleri bakanlar\u0131n\u0131n Suriye&#8217;ye y\u00f6nelik ekonomik yapt\u0131r\u0131mlar\u0131n kald\u0131r\u0131lmas\u0131 konusunda anla\u015fmaya varmalar\u0131n\u0131 umdu\u011funu s\u00f6yledi.<\/p>\n<p style=\"text-align: justify;\">Reuters&#8217;\u0131n aktard\u0131\u011f\u0131na g\u00f6re toplant\u0131 \u00f6ncesinde yapt\u0131\u011f\u0131 a\u00e7\u0131klamada Kallas, &#8220;Suriye halk\u0131 i\u00e7in i\u015f ve ge\u00e7im kayna\u011f\u0131 yaratarak \u00fclkenin daha istikrarl\u0131 bir \u00fclke olmas\u0131n\u0131 istiyoruz&#8221; dedi.<\/p>\n<p style=\"text-align: justify;\">Yetkililer, Avrupal\u0131 \u200b\u200bbakanlar\u0131n, Esad rejimine uygulanan ekonomik yapt\u0131r\u0131mlar\u0131n kald\u0131r\u0131lmas\u0131, insan haklar\u0131 ihlalcilerine kar\u015f\u0131 \u00f6nlem al\u0131nmas\u0131 y\u00f6n\u00fcnde siyasi bir karar de\u011ferlendirdiklerini do\u011frulad\u0131.<\/p>\n","protected":false},"excerpt":{"rendered":"<p>BR\u00dcKSEL (SANA) &#8211;\u00a0 Avrupa Birli\u011fi D\u0131\u015f Politika Y\u00fcksek Temsilcisi Kaya Kallas, bug\u00fcn Br\u00fcksel&#8217;de bir araya gelen AB d\u0131\u015fi\u015fleri bakanlar\u0131n\u0131n Suriye&#8217;ye y\u00f6nelik ekonomik yapt\u0131r\u0131mlar\u0131n kald\u0131r\u0131lmas\u0131 konusunda anla\u015fmaya varmalar\u0131n\u0131 umdu\u011funu s\u00f6yledi. Reuters&#8217;\u0131n aktard\u0131\u011f\u0131na g\u00f6re toplant\u0131 \u00f6ncesinde yapt\u0131\u011f\u0131 a\u00e7\u0131klamada Kallas, &#8220;Suriye halk\u0131 i\u00e7in i\u015f ve ge\u00e7im kayna\u011f\u0131 yaratarak \u00fclkenin daha istikrarl\u0131 bir \u00fclke olmas\u0131n\u0131 istiyoruz&#8221; dedi. Yetkililer, Avrupal\u0131 &hellip;<\/p>\n","protected":false},"author":36,"featured_media":321535,"comment_status":"closed","ping_status":"closed","sticky":false,"template":"","format":"standard","meta":{"footnotes":""},"categories":[458,589,459,17988],"tags":[],"class_list":["post-321534","post","type-post","status-publish","format-standard","has-post-thumbnail","","category-dunya1","category-haber-seridi","category-haberler-arap-uluslararasi-politika","category-son-haberler"],"_links":{"self":[{"href":"https:\/\/archive.sana.sy\/tr\/index.php?rest_route=\/wp\/v2\/posts\/321534","targetHints":{"allow":["GET"]}}],"collection":[{"href":"https:\/\/archive.sana.sy\/tr\/index.php?rest_route=\/wp\/v2\/posts"}],"about":[{"href":"https:\/\/archive.sana.sy\/tr\/index.php?rest_route=\/wp\/v2\/types\/post"}],"author":[{"embeddable":true,"href":"https:\/\/archive.sana.sy\/tr\/index.php?rest_route=\/wp\/v2\/users\/36"}],"replies":[{"embeddable":true,"href":"https:\/\/archive.sana.sy\/tr\/index.php?rest_route=%2Fwp%2Fv2%2Fcomments&post=321534"}],"version-history":[{"count":1,"href":"https:\/\/archive.sana.sy\/tr\/index.php?rest_route=\/wp\/v2\/posts\/321534\/revisions"}],"predecessor-version":[{"id":321536,"href":"https:\/\/archive.sana.sy\/tr\/index.php?rest_route=\/wp\/v2\/posts\/321534\/revisions\/321536"}],"wp:featuredmedia":[{"embeddable":true,"href":"https:\/\/archive.sana.sy\/tr\/index.php?rest_route=\/wp\/v2\/media\/321535"}],"wp:attachment":[{"href":"https:\/\/archive.sana.sy\/tr\/index.php?rest_route=%2Fwp%2Fv2%2Fmedia&parent=321534"}],"wp:term":[{"taxonomy":"category","embeddable":true,"href":"https:\/\/archive.sana.sy\/tr\/index.php?rest_route=%2Fwp%2Fv2%2Fcategories&post=321534"},{"taxonomy":"post_tag","embeddable":true,"href":"https:\/\/archive.sana.sy\/tr\/index.php?rest_route=%2Fwp%2Fv2%2Ftags&post=321534"}],"curies":[{"name":"wp","href":"https:\/\/api.w.org\/{rel}","templated":true}]}}