{"id":321537,"date":"2025-05-20T12:51:05","date_gmt":"2025-05-20T09:51:05","guid":{"rendered":"https:\/\/sana.sy\/tr\/?p=321537"},"modified":"2025-05-20T16:15:41","modified_gmt":"2025-05-20T13:15:41","slug":"bakan-badr-katar-buyukelciligi-maslahatguzari-ile-gorustu","status":"publish","type":"post","link":"https:\/\/archive.sana.sy\/tr\/?p=321537","title":{"rendered":"Bakan Bedir, Katar B\u00fcy\u00fckel\u00e7ili\u011fi Maslahatg\u00fczar\u0131 \u0130le G\u00f6r\u00fc\u015ft\u00fc"},"content":{"rendered":"<p style=\"text-align: justify;\"><strong><span style=\"color: #800000;\">\u015eAM (SANA)<\/span> &#8211;<\/strong> Tar\u0131m Bakan\u0131\u00a0 Amcad Bedir, Katar&#8217;\u0131n Suriye B\u00fcy\u00fckel\u00e7ili\u011fi Maslahatg\u00fczar\u0131 Halife Abdullah El Mahmud ile Suriye&#8217;de tar\u0131m sekt\u00f6r\u00fcn\u00fcn desteklenmesi ve kalk\u0131nmas\u0131n\u0131n \u00f6n\u00fcndeki engellerin a\u015f\u0131lmas\u0131 yollar\u0131n\u0131 g\u00f6r\u00fc\u015ft\u00fc.<\/p>\n<p style=\"text-align: justify;\">Bug\u00fcn \u015eam&#8217;daki Bakanl\u0131k merkezinde ger\u00e7ekle\u015ftirilen g\u00f6r\u00fc\u015fmede, taraflar aras\u0131nda g\u00f6r\u00fc\u015fmelerin yo\u011funla\u015ft\u0131r\u0131lmas\u0131 gerekti\u011fi ve Suriye&#8217;nin tar\u0131msal durumunun incelenmesi ve \u00fclkenin tar\u0131msal altyap\u0131s\u0131n\u0131n iyile\u015ftirilmesine y\u00f6nelik ihtiya\u00e7lar\u0131n\u0131n ara\u015ft\u0131r\u0131lmas\u0131 amac\u0131yla \u00e7e\u015fitli uzmanl\u0131k alanlar\u0131ndan olu\u015fan ortak bir teknik komite kurulmas\u0131 ihtimali vurguland\u0131.<\/p>\n<p style=\"text-align: justify;\">Bakan Bedir, iki \u00fclke aras\u0131ndaki ili\u015fkilerin g\u00fc\u00e7lendirilmesinin ve yat\u0131r\u0131ma kap\u0131 a\u00e7\u0131lmas\u0131n\u0131n \u00f6nemine i\u015faret ederken, &#8220;Katar&#8217;\u0131n devrimin ba\u015flang\u0131c\u0131ndan bu yana Suriye&#8217;nin yan\u0131nda durma \u00e7abalar\u0131n\u0131 takdir ediyoruz&#8221; dedi.<\/p>\n<p style=\"text-align: justify;\"><img loading=\"lazy\" decoding=\"async\" class=\"size-medium wp-image-321538 alignright\" src=\"http:\/\/sana.sy\/tr\/wp-content\/uploads\/2025\/05\/3-9-300x200.jpg\" alt=\"\" width=\"300\" height=\"200\" srcset=\"https:\/\/archive.sana.sy\/tr\/wp-content\/uploads\/2025\/05\/3-9-300x200.jpg 300w, https:\/\/archive.sana.sy\/tr\/wp-content\/uploads\/2025\/05\/3-9.jpg 660w\" sizes=\"auto, (max-width: 300px) 100vw, 300px\" \/>Bakan Bedir, eski rejimin tar\u0131msal altyap\u0131, \u00fcretim tesisleri, sulama a\u011flar\u0131 ve silolar \u00fczerinde y\u00fcr\u00fctt\u00fc\u011f\u00fc sava\u015f\u0131n etkisine i\u015faret ederken, tar\u0131msal \u00fcretimi ilerletmek i\u00e7in gerekli ekipman ve teknolojinin eksikli\u011fine ve yem eksikli\u011finden dolay\u0131 hayvanlarda da zarar olu\u015ftu\u011funa de dikkat \u00e7ekti.<\/p>\n<p style=\"text-align: justify;\">Tar\u0131m Bakan\u0131, kurakl\u0131\u011f\u0131n ya\u011fmurla beslenen \u00fcr\u00fcnlere \u00f6nemli zararlar verdi\u011fini, \u00fcretim oranlar\u0131n\u0131 etkiledi\u011fini bekirtirken, Bakanl\u0131\u011f\u0131n, \u00fcretim ihtiya\u00e7lar\u0131n\u0131 g\u00fcvence alt\u0131na almak ve plan\u0131n ihtiya\u00e7lar\u0131n\u0131 kar\u015f\u0131lamak i\u00e7in arazi yat\u0131r\u0131m\u0131 yapmak ve mevcut imk\u00e2nlar dahilinde \u00e7ift\u00e7ilere destek olmak y\u00f6n\u00fcndeki planlar\u0131na i\u015faret etti.<\/p>\n<p style=\"text-align: justify;\">Bakan Bedir ayr\u0131ca, su t\u00fcketimini ak\u0131lc\u0131 hale getirmek, su kaynaklar\u0131n\u0131 kontrol alt\u0131na almak ve su s\u0131k\u0131nt\u0131s\u0131 ya\u015fanan b\u00f6lgelerde \u00fcr\u00fcn yeti\u015ftirirken olumlu sonu\u00e7lar elde etmek i\u00e7in modern sulama \u015febekelerinin geli\u015ftirilmesinin gereklili\u011fini vurgulad\u0131.<\/p>\n<p style=\"text-align: justify;\">Katar B\u00fcy\u00fckel\u00e7ili\u011fi Maslahatg\u00fczar\u0131 ise, iki \u00fclke aras\u0131ndaki i\u015fbirli\u011finin g\u00fc\u00e7lendirilmesinin, g\u00f6r\u00fc\u015fmelerin yo\u011funla\u015ft\u0131r\u0131lmas\u0131n\u0131n ve Suriye&#8217;nin sava\u015f sonras\u0131 tar\u0131msal durumunu iyile\u015ftirmek i\u00e7in ihtiya\u00e7 duydu\u011fu malzeme ve planlar\u0131n sa\u011flanmas\u0131 i\u00e7in \u00e7al\u0131\u015f\u0131lmas\u0131n\u0131n \u00f6nemini vurgulad\u0131.<\/p>\n","protected":false},"excerpt":{"rendered":"<p>\u015eAM (SANA) &#8211; Tar\u0131m Bakan\u0131\u00a0 Amcad Bedir, Katar&#8217;\u0131n Suriye B\u00fcy\u00fckel\u00e7ili\u011fi Maslahatg\u00fczar\u0131 Halife Abdullah El Mahmud ile Suriye&#8217;de tar\u0131m sekt\u00f6r\u00fcn\u00fcn desteklenmesi ve kalk\u0131nmas\u0131n\u0131n \u00f6n\u00fcndeki engellerin a\u015f\u0131lmas\u0131 yollar\u0131n\u0131 g\u00f6r\u00fc\u015ft\u00fc. Bug\u00fcn \u015eam&#8217;daki Bakanl\u0131k merkezinde ger\u00e7ekle\u015ftirilen g\u00f6r\u00fc\u015fmede, taraflar aras\u0131nda g\u00f6r\u00fc\u015fmelerin yo\u011funla\u015ft\u0131r\u0131lmas\u0131 gerekti\u011fi ve Suriye&#8217;nin tar\u0131msal durumunun incelenmesi ve \u00fclkenin tar\u0131msal altyap\u0131s\u0131n\u0131n iyile\u015ftirilmesine y\u00f6nelik ihtiya\u00e7lar\u0131n\u0131n ara\u015ft\u0131r\u0131lmas\u0131 amac\u0131yla \u00e7e\u015fitli uzmanl\u0131k alanlar\u0131ndan &hellip;<\/p>\n","protected":false},"author":36,"featured_media":321539,"comment_status":"closed","ping_status":"closed","sticky":false,"template":"","format":"standard","meta":{"footnotes":""},"categories":[589,479,17988,478],"tags":[],"class_list":["post-321537","post","type-post","status-publish","format-standard","has-post-thumbnail","","category-haber-seridi","category-haberler-yerel","category-son-haberler","category-yerel"],"_links":{"self":[{"href":"https:\/\/archive.sana.sy\/tr\/index.php?rest_route=\/wp\/v2\/posts\/321537","targetHints":{"allow":["GET"]}}],"collection":[{"href":"https:\/\/archive.sana.sy\/tr\/index.php?rest_route=\/wp\/v2\/posts"}],"about":[{"href":"https:\/\/archive.sana.sy\/tr\/index.php?rest_route=\/wp\/v2\/types\/post"}],"author":[{"embeddable":true,"href":"https:\/\/archive.sana.sy\/tr\/index.php?rest_route=\/wp\/v2\/users\/36"}],"replies":[{"embeddable":true,"href":"https:\/\/archive.sana.sy\/tr\/index.php?rest_route=%2Fwp%2Fv2%2Fcomments&post=321537"}],"version-history":[{"count":4,"href":"https:\/\/archive.sana.sy\/tr\/index.php?rest_route=\/wp\/v2\/posts\/321537\/revisions"}],"predecessor-version":[{"id":321582,"href":"https:\/\/archive.sana.sy\/tr\/index.php?rest_route=\/wp\/v2\/posts\/321537\/revisions\/321582"}],"wp:featuredmedia":[{"embeddable":true,"href":"https:\/\/archive.sana.sy\/tr\/index.php?rest_route=\/wp\/v2\/media\/321539"}],"wp:attachment":[{"href":"https:\/\/archive.sana.sy\/tr\/index.php?rest_route=%2Fwp%2Fv2%2Fmedia&parent=321537"}],"wp:term":[{"taxonomy":"category","embeddable":true,"href":"https:\/\/archive.sana.sy\/tr\/index.php?rest_route=%2Fwp%2Fv2%2Fcategories&post=321537"},{"taxonomy":"post_tag","embeddable":true,"href":"https:\/\/archive.sana.sy\/tr\/index.php?rest_route=%2Fwp%2Fv2%2Ftags&post=321537"}],"curies":[{"name":"wp","href":"https:\/\/api.w.org\/{rel}","templated":true}]}}