{"id":321541,"date":"2025-05-20T13:21:16","date_gmt":"2025-05-20T10:21:16","guid":{"rendered":"https:\/\/sana.sy\/tr\/?p=321541"},"modified":"2025-05-20T13:21:31","modified_gmt":"2025-05-20T10:21:31","slug":"saglik-bakani-cenevrede-cok-sayida-mevkidasiyla-bir-araya-geldi","status":"publish","type":"post","link":"https:\/\/archive.sana.sy\/tr\/?p=321541","title":{"rendered":"Sa\u011fl\u0131k Bakan\u0131 Cenevre&#8217;de \u00c7ok Say\u0131da Mevkida\u015f\u0131yla Bir Araya Geldi"},"content":{"rendered":"<p style=\"text-align: justify;\"><strong><span style=\"color: #800000;\">CENEVRE (SANA)<\/span> &#8211;<\/strong>\u00a0 Sa\u011fl\u0131k Bakan\u0131 Dr. Musab El Ali, 78. D\u00fcnya Sa\u011fl\u0131k Asamblesi kapsam\u0131nda Suudi Arabistan Sa\u011fl\u0131k Bakan\u0131 Fahad El Celalel, T\u00fcrkiye Sa\u011fl\u0131k Bakan\u0131 Kemal Memi\u015fo\u011flu ve Bahreyn Sa\u011fl\u0131k Bakan\u0131 Dr. Celile bint El Sayed Cevad Hasan ile bir araya geldi.<\/p>\n<p style=\"text-align: justify;\">G\u00f6r\u00fc\u015fmelerde, mevcut k\u00fcresel sa\u011fl\u0131k ko\u015fullar\u0131, sa\u011fl\u0131k hizmetlerini iyile\u015ftirmek, vatanda\u015flar\u0131n sa\u011fl\u0131\u011f\u0131n\u0131 geli\u015ftirmek ve sa\u011fl\u0131k sekt\u00f6r\u00fcnde ortak i\u015fbirli\u011fini art\u0131rmak i\u00e7in ikili i\u015fbirli\u011fini art\u0131rma yollar\u0131 ele al\u0131nd\u0131.<\/p>\n<p style=\"text-align: justify;\">Dr. El Ali, t\u00fcm Suriyelilere hizmet eden, ulusal ve k\u00fcresel sa\u011fl\u0131k g\u00fcvenli\u011fini art\u0131ran kapsaml\u0131 ve s\u00fcrd\u00fcr\u00fclebilir bir sa\u011fl\u0131k sistemi kurma taahh\u00fcd\u00fcn\u00fc teyit ederken, sa\u011fl\u0131k altyap\u0131s\u0131n\u0131n yeniden in\u015fas\u0131 ve onar\u0131m\u0131na da \u00f6ncelik verdi.<\/p>\n<div id='gallery-1' class='gallery galleryid-321541 gallery-columns-2 gallery-size-full'><figure class='gallery-item'>\n\t\t\t<div class='gallery-icon landscape'>\n\t\t\t\t<a href='https:\/\/archive.sana.sy\/tr\/wp-content\/uploads\/2025\/05\/\u0648\u0632\u064a\u0631-\u0627\u0644\u0635\u062d\u0629-2-1.jpg'><img loading=\"lazy\" decoding=\"async\" width=\"660\" height=\"403\" src=\"https:\/\/archive.sana.sy\/tr\/wp-content\/uploads\/2025\/05\/\u0648\u0632\u064a\u0631-\u0627\u0644\u0635\u062d\u0629-2-1.jpg\" class=\"attachment-full size-full\" alt=\"\" srcset=\"https:\/\/archive.sana.sy\/tr\/wp-content\/uploads\/2025\/05\/\u0648\u0632\u064a\u0631-\u0627\u0644\u0635\u062d\u0629-2-1.jpg 660w, https:\/\/archive.sana.sy\/tr\/wp-content\/uploads\/2025\/05\/\u0648\u0632\u064a\u0631-\u0627\u0644\u0635\u062d\u0629-2-1-300x183.jpg 300w\" sizes=\"auto, (max-width: 660px) 100vw, 660px\" \/><\/a>\n\t\t\t<\/div><\/figure><figure class='gallery-item'>\n\t\t\t<div class='gallery-icon landscape'>\n\t\t\t\t<a href='https:\/\/archive.sana.sy\/tr\/wp-content\/uploads\/2025\/05\/\u0648\u0632\u064a\u0631-\u0627\u0644\u0635\u062d\u0629-3.jpg'><img loading=\"lazy\" decoding=\"async\" width=\"660\" height=\"403\" src=\"https:\/\/archive.sana.sy\/tr\/wp-content\/uploads\/2025\/05\/\u0648\u0632\u064a\u0631-\u0627\u0644\u0635\u062d\u0629-3.jpg\" class=\"attachment-full size-full\" alt=\"\" srcset=\"https:\/\/archive.sana.sy\/tr\/wp-content\/uploads\/2025\/05\/\u0648\u0632\u064a\u0631-\u0627\u0644\u0635\u062d\u0629-3.jpg 660w, https:\/\/archive.sana.sy\/tr\/wp-content\/uploads\/2025\/05\/\u0648\u0632\u064a\u0631-\u0627\u0644\u0635\u062d\u0629-3-300x183.jpg 300w\" sizes=\"auto, (max-width: 660px) 100vw, 660px\" \/><\/a>\n\t\t\t<\/div><\/figure>\n\t\t<\/div>\n\n","protected":false},"excerpt":{"rendered":"<p>CENEVRE (SANA) &#8211;\u00a0 Sa\u011fl\u0131k Bakan\u0131 Dr. Musab El Ali, 78. D\u00fcnya Sa\u011fl\u0131k Asamblesi kapsam\u0131nda Suudi Arabistan Sa\u011fl\u0131k Bakan\u0131 Fahad El Celalel, T\u00fcrkiye Sa\u011fl\u0131k Bakan\u0131 Kemal Memi\u015fo\u011flu ve Bahreyn Sa\u011fl\u0131k Bakan\u0131 Dr. Celile bint El Sayed Cevad Hasan ile bir araya geldi. G\u00f6r\u00fc\u015fmelerde, mevcut k\u00fcresel sa\u011fl\u0131k ko\u015fullar\u0131, sa\u011fl\u0131k hizmetlerini iyile\u015ftirmek, vatanda\u015flar\u0131n sa\u011fl\u0131\u011f\u0131n\u0131 geli\u015ftirmek ve sa\u011fl\u0131k sekt\u00f6r\u00fcnde &hellip;<\/p>\n","protected":false},"author":36,"featured_media":321544,"comment_status":"closed","ping_status":"closed","sticky":false,"template":"","format":"standard","meta":{"footnotes":""},"categories":[458,596,589,459,17988],"tags":[],"class_list":["post-321541","post","type-post","status-publish","format-standard","has-post-thumbnail","","category-dunya1","category-fotografli-raporlar","category-haber-seridi","category-haberler-arap-uluslararasi-politika","category-son-haberler"],"_links":{"self":[{"href":"https:\/\/archive.sana.sy\/tr\/index.php?rest_route=\/wp\/v2\/posts\/321541","targetHints":{"allow":["GET"]}}],"collection":[{"href":"https:\/\/archive.sana.sy\/tr\/index.php?rest_route=\/wp\/v2\/posts"}],"about":[{"href":"https:\/\/archive.sana.sy\/tr\/index.php?rest_route=\/wp\/v2\/types\/post"}],"author":[{"embeddable":true,"href":"https:\/\/archive.sana.sy\/tr\/index.php?rest_route=\/wp\/v2\/users\/36"}],"replies":[{"embeddable":true,"href":"https:\/\/archive.sana.sy\/tr\/index.php?rest_route=%2Fwp%2Fv2%2Fcomments&post=321541"}],"version-history":[{"count":2,"href":"https:\/\/archive.sana.sy\/tr\/index.php?rest_route=\/wp\/v2\/posts\/321541\/revisions"}],"predecessor-version":[{"id":321546,"href":"https:\/\/archive.sana.sy\/tr\/index.php?rest_route=\/wp\/v2\/posts\/321541\/revisions\/321546"}],"wp:featuredmedia":[{"embeddable":true,"href":"https:\/\/archive.sana.sy\/tr\/index.php?rest_route=\/wp\/v2\/media\/321544"}],"wp:attachment":[{"href":"https:\/\/archive.sana.sy\/tr\/index.php?rest_route=%2Fwp%2Fv2%2Fmedia&parent=321541"}],"wp:term":[{"taxonomy":"category","embeddable":true,"href":"https:\/\/archive.sana.sy\/tr\/index.php?rest_route=%2Fwp%2Fv2%2Fcategories&post=321541"},{"taxonomy":"post_tag","embeddable":true,"href":"https:\/\/archive.sana.sy\/tr\/index.php?rest_route=%2Fwp%2Fv2%2Ftags&post=321541"}],"curies":[{"name":"wp","href":"https:\/\/api.w.org\/{rel}","templated":true}]}}