{"id":321616,"date":"2025-05-20T19:23:45","date_gmt":"2025-05-20T16:23:45","guid":{"rendered":"https:\/\/sana.sy\/tr\/?p=321616"},"modified":"2025-05-20T19:23:45","modified_gmt":"2025-05-20T16:23:45","slug":"urdun-ticaret-ve-hizmetler-heyeti-ekonomik-ve-yatirim-iliskilerini-gelistirme-firsatlarini-gorusmek-uzere-suriyeyi-ziyaret-edecek","status":"publish","type":"post","link":"https:\/\/archive.sana.sy\/tr\/?p=321616","title":{"rendered":"\u00dcrd\u00fcn Ticaret Ve Hizmetler Heyeti, Ekonomik Ve Yat\u0131r\u0131m \u0130li\u015fkilerini Geli\u015ftirme F\u0131rsatlar\u0131n\u0131 G\u00f6r\u00fc\u015fmek \u00dczere Suriye&#8217;yi Ziyaret Edecek"},"content":{"rendered":"<p style=\"text-align: justify;\"><strong><span style=\"color: #800000;\">\u015eAM (SANA) &#8211;<\/span>\u00a0<\/strong> \u00dcrd\u00fcn Ticaret ve Hizmetler Heyeti, \u00f6n\u00fcm\u00fczdeki hafta iki g\u00fcn s\u00fcreyle Suriye&#8217;yi ziyaret edecek ve bu ziyaret s\u0131ras\u0131nda iki \u00fclke aras\u0131ndaki ekonomik ve yat\u0131r\u0131m ili\u015fkilerini g\u00fc\u00e7lendirme f\u0131rsatlar\u0131n\u0131 de\u011ferlendirecek.<\/p>\n<p style=\"text-align: justify;\">Suriye Ticaret Odalar\u0131 Federasyonu Ba\u015fkan\u0131 Alaa \u00d6mer El Ali, SANA&#8217;ya yapt\u0131\u011f\u0131 a\u00e7\u0131klamada, heyetin h\u00fck\u00fcmet kurumlar\u0131, Suriye Ticaret Odalar\u0131 Federasyonu, Ortak Ticaret ve Sanayi Odalar\u0131 temsilcileri ve \u00f6zel sekt\u00f6rden i\u015f adamlar\u0131yla bir dizi toplant\u0131 d\u00fczenleyece\u011fini a\u00e7\u0131klad\u0131.<\/p>\n<p style=\"text-align: justify;\">El Ali, ziyaretin iki taraf\u0131n \u00e7e\u015fitli alanlardaki ikili ili\u015fkileri peki\u015ftirme arzusu \u00e7er\u00e7evesinde ger\u00e7ekle\u015fti\u011fini kaydederken, Federasyon Ba\u015fkan\u0131, bu ziyaretin \u00dcrd\u00fcn heyeti \u00fcyelerine, \u00dcrd\u00fcnl\u00fc yat\u0131r\u0131mc\u0131 ve i\u015f adamlar\u0131na sunulan yat\u0131r\u0131m f\u0131rsatlar\u0131 hakk\u0131nda birinci elden bilgi edinme ve her iki \u00fclkedeki pazar ihtiya\u00e7lar\u0131n\u0131 anlama f\u0131rsat\u0131 sa\u011flayaca\u011f\u0131n\u0131 belirtti.<\/p>\n","protected":false},"excerpt":{"rendered":"<p>\u015eAM (SANA) &#8211;\u00a0 \u00dcrd\u00fcn Ticaret ve Hizmetler Heyeti, \u00f6n\u00fcm\u00fczdeki hafta iki g\u00fcn s\u00fcreyle Suriye&#8217;yi ziyaret edecek ve bu ziyaret s\u0131ras\u0131nda iki \u00fclke aras\u0131ndaki ekonomik ve yat\u0131r\u0131m ili\u015fkilerini g\u00fc\u00e7lendirme f\u0131rsatlar\u0131n\u0131 de\u011ferlendirecek. Suriye Ticaret Odalar\u0131 Federasyonu Ba\u015fkan\u0131 Alaa \u00d6mer El Ali, SANA&#8217;ya yapt\u0131\u011f\u0131 a\u00e7\u0131klamada, heyetin h\u00fck\u00fcmet kurumlar\u0131, Suriye Ticaret Odalar\u0131 Federasyonu, Ortak Ticaret ve Sanayi Odalar\u0131 temsilcileri &hellip;<\/p>\n","protected":false},"author":41,"featured_media":321617,"comment_status":"closed","ping_status":"closed","sticky":false,"template":"","format":"standard","meta":{"footnotes":""},"categories":[485,589,486,17988],"tags":[],"class_list":["post-321616","post","type-post","status-publish","format-standard","has-post-thumbnail","","category-is-ve-sermaye","category-haber-seridi","category-haberler-is-ve-sermaye","category-son-haberler"],"_links":{"self":[{"href":"https:\/\/archive.sana.sy\/tr\/index.php?rest_route=\/wp\/v2\/posts\/321616","targetHints":{"allow":["GET"]}}],"collection":[{"href":"https:\/\/archive.sana.sy\/tr\/index.php?rest_route=\/wp\/v2\/posts"}],"about":[{"href":"https:\/\/archive.sana.sy\/tr\/index.php?rest_route=\/wp\/v2\/types\/post"}],"author":[{"embeddable":true,"href":"https:\/\/archive.sana.sy\/tr\/index.php?rest_route=\/wp\/v2\/users\/41"}],"replies":[{"embeddable":true,"href":"https:\/\/archive.sana.sy\/tr\/index.php?rest_route=%2Fwp%2Fv2%2Fcomments&post=321616"}],"version-history":[{"count":1,"href":"https:\/\/archive.sana.sy\/tr\/index.php?rest_route=\/wp\/v2\/posts\/321616\/revisions"}],"predecessor-version":[{"id":321618,"href":"https:\/\/archive.sana.sy\/tr\/index.php?rest_route=\/wp\/v2\/posts\/321616\/revisions\/321618"}],"wp:featuredmedia":[{"embeddable":true,"href":"https:\/\/archive.sana.sy\/tr\/index.php?rest_route=\/wp\/v2\/media\/321617"}],"wp:attachment":[{"href":"https:\/\/archive.sana.sy\/tr\/index.php?rest_route=%2Fwp%2Fv2%2Fmedia&parent=321616"}],"wp:term":[{"taxonomy":"category","embeddable":true,"href":"https:\/\/archive.sana.sy\/tr\/index.php?rest_route=%2Fwp%2Fv2%2Fcategories&post=321616"},{"taxonomy":"post_tag","embeddable":true,"href":"https:\/\/archive.sana.sy\/tr\/index.php?rest_route=%2Fwp%2Fv2%2Ftags&post=321616"}],"curies":[{"name":"wp","href":"https:\/\/api.w.org\/{rel}","templated":true}]}}