{"id":321636,"date":"2025-05-21T10:52:05","date_gmt":"2025-05-21T07:52:05","guid":{"rendered":"https:\/\/sana.sy\/tr\/?p=321636"},"modified":"2025-05-21T10:52:05","modified_gmt":"2025-05-21T07:52:05","slug":"bahreyn-yaptirimlarin-kaldirilmasi-karari-modern-suriye-devleti-insasinda-olumlu-bir-adim","status":"publish","type":"post","link":"https:\/\/archive.sana.sy\/tr\/?p=321636","title":{"rendered":"Bahreyn: Yapt\u0131r\u0131mlar\u0131n Kald\u0131r\u0131lmas\u0131 Karar\u0131, Modern Suriye Devleti \u0130n\u015fas\u0131nda Olumlu Bir Ad\u0131m"},"content":{"rendered":"<p style=\"text-align: justify;\"><strong>MANAMA (SANA) \u2013\u00a0 <\/strong>Bahreyn Krall\u0131\u011f\u0131, Avrupa Birli\u011fi\u2019nin Suriye\u2019ye y\u00f6nelik ekonomik yapt\u0131r\u0131mlar\u0131 kald\u0131rma karar\u0131n\u0131 memnuniyetle kar\u015f\u0131lad\u0131. Bu ad\u0131m\u0131, modern Suriye devletinin in\u015fas\u0131 ve karde\u015f Suriye halk\u0131n\u0131n istikrar ile refaha y\u00f6nelik beklentilerinin ger\u00e7ekle\u015fmesi yolunda olumlu bir geli\u015fme olarak de\u011ferlendirdi.<\/p>\n<p style=\"text-align: justify;\">Bahreyn Haber Ajans\u0131 \u201cBNA\u201d taraf\u0131ndan aktar\u0131lan a\u00e7\u0131klamada, Bahreyn D\u0131\u015fi\u015fleri Bakanl\u0131\u011f\u0131, \u00fclkesinin Suriye&#8217;nin birli\u011fi, egemenli\u011fi, g\u00fcvenli\u011fi ve ba\u011f\u0131ms\u0131zl\u0131\u011f\u0131na verdi\u011fi kararl\u0131 deste\u011fi yeniden teyit etti. Ayr\u0131ca, Suriye\u2019nin toparlanma ve yeniden imar \u00e7abalar\u0131na, kal\u0131c\u0131 bar\u0131\u015f ve s\u00fcrd\u00fcr\u00fclebilir kalk\u0131nman\u0131n sa\u011flanmas\u0131na, Arap, b\u00f6lgesel ve uluslararas\u0131 \u00e7evresindeki etkin rol\u00fcn\u00fc yeniden kazanmas\u0131na y\u00f6nelik desteklerini s\u00fcrd\u00fcreceklerini belirtti.<\/p>\n","protected":false},"excerpt":{"rendered":"<p>MANAMA (SANA) \u2013\u00a0 Bahreyn Krall\u0131\u011f\u0131, Avrupa Birli\u011fi\u2019nin Suriye\u2019ye y\u00f6nelik ekonomik yapt\u0131r\u0131mlar\u0131 kald\u0131rma karar\u0131n\u0131 memnuniyetle kar\u015f\u0131lad\u0131. Bu ad\u0131m\u0131, modern Suriye devletinin in\u015fas\u0131 ve karde\u015f Suriye halk\u0131n\u0131n istikrar ile refaha y\u00f6nelik beklentilerinin ger\u00e7ekle\u015fmesi yolunda olumlu bir geli\u015fme olarak de\u011ferlendirdi. Bahreyn Haber Ajans\u0131 \u201cBNA\u201d taraf\u0131ndan aktar\u0131lan a\u00e7\u0131klamada, Bahreyn D\u0131\u015fi\u015fleri Bakanl\u0131\u011f\u0131, \u00fclkesinin Suriye&#8217;nin birli\u011fi, egemenli\u011fi, g\u00fcvenli\u011fi ve ba\u011f\u0131ms\u0131zl\u0131\u011f\u0131na verdi\u011fi &hellip;<\/p>\n","protected":false},"author":39,"featured_media":321637,"comment_status":"closed","ping_status":"closed","sticky":false,"template":"","format":"standard","meta":{"footnotes":""},"categories":[458,589,459,17988],"tags":[],"class_list":["post-321636","post","type-post","status-publish","format-standard","has-post-thumbnail","","category-dunya1","category-haber-seridi","category-haberler-arap-uluslararasi-politika","category-son-haberler"],"_links":{"self":[{"href":"https:\/\/archive.sana.sy\/tr\/index.php?rest_route=\/wp\/v2\/posts\/321636","targetHints":{"allow":["GET"]}}],"collection":[{"href":"https:\/\/archive.sana.sy\/tr\/index.php?rest_route=\/wp\/v2\/posts"}],"about":[{"href":"https:\/\/archive.sana.sy\/tr\/index.php?rest_route=\/wp\/v2\/types\/post"}],"author":[{"embeddable":true,"href":"https:\/\/archive.sana.sy\/tr\/index.php?rest_route=\/wp\/v2\/users\/39"}],"replies":[{"embeddable":true,"href":"https:\/\/archive.sana.sy\/tr\/index.php?rest_route=%2Fwp%2Fv2%2Fcomments&post=321636"}],"version-history":[{"count":1,"href":"https:\/\/archive.sana.sy\/tr\/index.php?rest_route=\/wp\/v2\/posts\/321636\/revisions"}],"predecessor-version":[{"id":321638,"href":"https:\/\/archive.sana.sy\/tr\/index.php?rest_route=\/wp\/v2\/posts\/321636\/revisions\/321638"}],"wp:featuredmedia":[{"embeddable":true,"href":"https:\/\/archive.sana.sy\/tr\/index.php?rest_route=\/wp\/v2\/media\/321637"}],"wp:attachment":[{"href":"https:\/\/archive.sana.sy\/tr\/index.php?rest_route=%2Fwp%2Fv2%2Fmedia&parent=321636"}],"wp:term":[{"taxonomy":"category","embeddable":true,"href":"https:\/\/archive.sana.sy\/tr\/index.php?rest_route=%2Fwp%2Fv2%2Fcategories&post=321636"},{"taxonomy":"post_tag","embeddable":true,"href":"https:\/\/archive.sana.sy\/tr\/index.php?rest_route=%2Fwp%2Fv2%2Ftags&post=321636"}],"curies":[{"name":"wp","href":"https:\/\/api.w.org\/{rel}","templated":true}]}}