{"id":321639,"date":"2025-05-21T12:40:53","date_gmt":"2025-05-21T09:40:53","guid":{"rendered":"https:\/\/sana.sy\/tr\/?p=321639"},"modified":"2025-05-21T16:28:56","modified_gmt":"2025-05-21T13:28:56","slug":"turkiye-ile-abd-suriyede-istikrar-ve-guvenligin-saglanmasi-icin-is-birligini-artirmanin-onemini-vurguladi","status":"publish","type":"post","link":"https:\/\/archive.sana.sy\/tr\/?p=321639","title":{"rendered":"T\u00fcrkiye ile ABD, Suriye\u2019de istikrar ve g\u00fcvenli\u011fin sa\u011flanmas\u0131 i\u00e7in i\u015f birli\u011fini art\u0131rman\u0131n \u00f6nemini vurgulad\u0131"},"content":{"rendered":"<p style=\"text-align: justify;\"><strong><span style=\"color: #ff0000;\">VA\u015e\u0130NGTON (SANA)<\/span> \u2013 <\/strong>T\u00fcrkiye ile ABD\u2019nin Suriye konusundaki ortak \u00e7al\u0131\u015fma grubu, iki \u00fclkenin egemen, istikrarl\u0131 ve bar\u0131\u015f i\u00e7inde bir Suriye g\u00f6rme arzusunu yineledi.<\/p>\n<p style=\"text-align: justify;\">\u00a0ABD D\u0131\u015fi\u015fleri Bakanl\u0131\u011f\u0131 taraf\u0131ndan yay\u0131mlanan ve Va\u015fington\u2019da ger\u00e7ekle\u015fen toplant\u0131n\u0131n ard\u0131ndan yap\u0131lan ortak a\u00e7\u0131klamada, \u201cT\u00fcrkiye ve ABD, Suriye\u2019de istikrar ve g\u00fcvenli\u011fin sa\u011flanmas\u0131 konusunda i\u015f birli\u011fi ve e\u015fg\u00fcd\u00fcm\u00fcn art\u0131r\u0131lmas\u0131na kararl\u0131d\u0131r\u201d ifadelerine yer verildi.<\/p>\n<p style=\"text-align: justify;\">ABD D\u0131\u015fi\u015fleri Bakan Yard\u0131mc\u0131s\u0131 Christopher Landau ayr\u0131ca, g\u00f6r\u00fc\u015fmenin ard\u0131ndan yapt\u0131\u011f\u0131 a\u00e7\u0131klamada, iki taraf\u0131n ABD Ba\u015fkan\u0131 Donald Trump\u2019\u0131n Suriye\u2019ye y\u00f6nelik yapt\u0131r\u0131mlar\u0131n kald\u0131r\u0131lmas\u0131 karar\u0131n\u0131n uygulanmas\u0131n\u0131n \u00f6nemini ele ald\u0131klar\u0131n\u0131 belirterek, ayr\u0131ca Suriye&#8217;nin birli\u011fi, b\u00fct\u00fcnl\u00fc\u011f\u00fc ve istikrar\u0131n\u0131n korunmas\u0131n\u0131n \u00f6nemini vurgulad\u0131.<\/p>\n<p style=\"text-align: justify;\">Landau, T\u00fcrkiye ile ABD aras\u0131ndaki ili\u015fkilerin yeni bir ortakl\u0131k ve i\u015f birli\u011fi a\u015famas\u0131na girdi\u011fini, bunun da bar\u0131\u015f\u0131n sa\u011flanmas\u0131 ile ticaret ve ekonominin g\u00fc\u00e7lendirilmesi amac\u0131yla \u00e7e\u015fitli alanlarda s\u00fcrd\u00fcr\u00fclece\u011fini de kaydetti.<\/p>\n","protected":false},"excerpt":{"rendered":"<p>VA\u015e\u0130NGTON (SANA) \u2013 T\u00fcrkiye ile ABD\u2019nin Suriye konusundaki ortak \u00e7al\u0131\u015fma grubu, iki \u00fclkenin egemen, istikrarl\u0131 ve bar\u0131\u015f i\u00e7inde bir Suriye g\u00f6rme arzusunu yineledi. \u00a0ABD D\u0131\u015fi\u015fleri Bakanl\u0131\u011f\u0131 taraf\u0131ndan yay\u0131mlanan ve Va\u015fington\u2019da ger\u00e7ekle\u015fen toplant\u0131n\u0131n ard\u0131ndan yap\u0131lan ortak a\u00e7\u0131klamada, \u201cT\u00fcrkiye ve ABD, Suriye\u2019de istikrar ve g\u00fcvenli\u011fin sa\u011flanmas\u0131 konusunda i\u015f birli\u011fi ve e\u015fg\u00fcd\u00fcm\u00fcn art\u0131r\u0131lmas\u0131na kararl\u0131d\u0131r\u201d ifadelerine yer verildi. ABD &hellip;<\/p>\n","protected":false},"author":39,"featured_media":321640,"comment_status":"closed","ping_status":"closed","sticky":false,"template":"","format":"standard","meta":{"footnotes":""},"categories":[458,589,459,17988],"tags":[],"class_list":["post-321639","post","type-post","status-publish","format-standard","has-post-thumbnail","","category-dunya1","category-haber-seridi","category-haberler-arap-uluslararasi-politika","category-son-haberler"],"_links":{"self":[{"href":"https:\/\/archive.sana.sy\/tr\/index.php?rest_route=\/wp\/v2\/posts\/321639","targetHints":{"allow":["GET"]}}],"collection":[{"href":"https:\/\/archive.sana.sy\/tr\/index.php?rest_route=\/wp\/v2\/posts"}],"about":[{"href":"https:\/\/archive.sana.sy\/tr\/index.php?rest_route=\/wp\/v2\/types\/post"}],"author":[{"embeddable":true,"href":"https:\/\/archive.sana.sy\/tr\/index.php?rest_route=\/wp\/v2\/users\/39"}],"replies":[{"embeddable":true,"href":"https:\/\/archive.sana.sy\/tr\/index.php?rest_route=%2Fwp%2Fv2%2Fcomments&post=321639"}],"version-history":[{"count":2,"href":"https:\/\/archive.sana.sy\/tr\/index.php?rest_route=\/wp\/v2\/posts\/321639\/revisions"}],"predecessor-version":[{"id":321670,"href":"https:\/\/archive.sana.sy\/tr\/index.php?rest_route=\/wp\/v2\/posts\/321639\/revisions\/321670"}],"wp:featuredmedia":[{"embeddable":true,"href":"https:\/\/archive.sana.sy\/tr\/index.php?rest_route=\/wp\/v2\/media\/321640"}],"wp:attachment":[{"href":"https:\/\/archive.sana.sy\/tr\/index.php?rest_route=%2Fwp%2Fv2%2Fmedia&parent=321639"}],"wp:term":[{"taxonomy":"category","embeddable":true,"href":"https:\/\/archive.sana.sy\/tr\/index.php?rest_route=%2Fwp%2Fv2%2Fcategories&post=321639"},{"taxonomy":"post_tag","embeddable":true,"href":"https:\/\/archive.sana.sy\/tr\/index.php?rest_route=%2Fwp%2Fv2%2Ftags&post=321639"}],"curies":[{"name":"wp","href":"https:\/\/api.w.org\/{rel}","templated":true}]}}