{"id":32164,"date":"2015-05-05T17:00:40","date_gmt":"2015-05-05T14:00:40","guid":{"rendered":"http:\/\/sana.sy\/tr\/?p=32164"},"modified":"2015-05-06T12:03:40","modified_gmt":"2015-05-06T09:03:40","slug":"suveyda-kenakir-yolu-uzerinde-teror-saldirisi-1-sehit-oglu-da-agir-yarali","status":"publish","type":"post","link":"https:\/\/archive.sana.sy\/tr\/?p=32164","title":{"rendered":"S\u00fcveyda ve Halep\u2019te 3 \u015eehit ve Bir\u00e7ok Yaral\u0131"},"content":{"rendered":"<p>\u0130LLER \u2013 G\u00fcneyde \u0130rail ve \u00dcrd\u00fcn, Kuzeyde de T\u00fcrkiye rejiminin destekledi\u011fi ter\u00f6r \u00f6rg\u00fctleri S\u00fcveyda ve Halep\u2019te sivil yerle\u015fim alanlar\u0131ndaki masum insanlar\u0131 f\u00fcze ve havan mermileriyle hedef almaya devam ediyor.<\/p>\n<p>S\u00fcveyda \u0130l Emniyet M\u00fcd\u00fcrl\u00fc\u011f\u00fc kayna\u011f\u0131 a\u00e7\u0131klamas\u0131nda, bir ter\u00f6r grubunun d\u00fcn gece ortalar\u0131nda Kenakir K\u00f6y\u00fc yolu \u00fczerindeki Meyve Sular\u0131 Fabrikas\u0131 \u00e7evresine s\u0131zd\u0131klar\u0131n\u0131 ve yol \u00fczerinden ge\u00e7en \u00f6zel bir araca ate\u015f a\u00e7t\u0131klar\u0131n\u0131 a\u00e7\u0131klad\u0131.<\/p>\n<p>Kaynak, ter\u00f6r sald\u0131r\u0131s\u0131 sonucunda, bir vatanda\u015f\u0131n \u015fehit d\u00fc\u015ft\u00fc\u011f\u00fcn\u00fc \u00e7ocu\u011funun da a\u011f\u0131r yaraland\u0131\u011f\u0131n\u0131 ve tedavi i\u00e7in S\u00fcveyda Devlet Hastanesine kald\u0131r\u0131ld\u0131\u011f\u0131n\u0131 s\u00f6yledi.\u00a0Kaynak, g\u00fcvenlik birimlerin b\u00f6lgede arama-tarama operasyonu ba\u015flatt\u0131klar\u0131na dikkat \u00e7ekti.<\/p>\n<p>Di\u011fer yandan kaynak; ter\u00f6ristlerin Lucat B\u00f6lgesinin 7 km g\u00fcneyinde Dama ve Deyr Dama beldelerini 17 havan mermisiyle hedef ald\u0131klar\u0131n\u0131 aktard\u0131. Sald\u0131r\u0131larda 1 vatanda\u015f\u0131n \u015fehit d\u00fc\u015ft\u00fc\u011f\u00fcn\u00fc belirten kaynak, \u00f6zel ve kamu m\u00fclklerde de b\u00fcy\u00fck maddi hasar\u0131n olu\u015ftu\u011funa dikkat \u00e7ekti.<\/p>\n<p><span style=\"color: #0000ff\">HALEP :<\/span><\/p>\n<p>\u00d6te yandan Halep\u2019te SANA muhabiri; ter\u00f6ristlerin f\u0131rlatt\u0131\u011f\u0131 bir\u00e7ok havan mermisinin Halep Kentinin E\u015frefiye Semtine d\u00fc\u015fmesi sonucunda 1 vatanda\u015f\u0131n \u015fehit d\u00fc\u015ft\u00fc\u011f\u00fcn\u00fc, 20 vatanda\u015f\u0131n da yaraland\u0131\u011f\u0131n\u0131 belirtti.<\/p>\n<p>M.M. &#8211; A.A.<\/p>\n","protected":false},"excerpt":{"rendered":"<p>\u0130LLER \u2013 G\u00fcneyde \u0130rail ve \u00dcrd\u00fcn, Kuzeyde de T\u00fcrkiye rejiminin destekledi\u011fi ter\u00f6r \u00f6rg\u00fctleri S\u00fcveyda ve Halep\u2019te sivil yerle\u015fim alanlar\u0131ndaki masum insanlar\u0131 f\u00fcze ve havan mermileriyle hedef almaya devam ediyor. S\u00fcveyda \u0130l Emniyet M\u00fcd\u00fcrl\u00fc\u011f\u00fc kayna\u011f\u0131 a\u00e7\u0131klamas\u0131nda, bir ter\u00f6r grubunun d\u00fcn gece ortalar\u0131nda Kenakir K\u00f6y\u00fc yolu \u00fczerindeki Meyve Sular\u0131 Fabrikas\u0131 \u00e7evresine s\u0131zd\u0131klar\u0131n\u0131 ve yol \u00fczerinden ge\u00e7en \u00f6zel &hellip;<\/p>\n","protected":false},"author":1,"featured_media":32165,"comment_status":"closed","ping_status":"closed","sticky":false,"template":"","format":"standard","meta":{"footnotes":""},"categories":[479,575,478],"tags":[14310,14311,14309],"class_list":["post-32164","post","type-post","status-publish","format-standard","has-post-thumbnail","","category-haberler-yerel","category-olaylar-ve-gercekler","category-yerel","tag-iller-guneyde-irail-ve-urdun","tag-kuzeyde-de-turkiye-rejiminin-destekledigi-teror-orgutleri-suveyda-ve-halepte-sivil-yerlesim-alanlarindaki-masum-insanlari-fuze-ve-havan-mermileriyle-hedef-almaya-devam-ediyor","tag-suveyda-ve-halepte-3-sehit-ve-bircok-yarali"],"_links":{"self":[{"href":"https:\/\/archive.sana.sy\/tr\/index.php?rest_route=\/wp\/v2\/posts\/32164","targetHints":{"allow":["GET"]}}],"collection":[{"href":"https:\/\/archive.sana.sy\/tr\/index.php?rest_route=\/wp\/v2\/posts"}],"about":[{"href":"https:\/\/archive.sana.sy\/tr\/index.php?rest_route=\/wp\/v2\/types\/post"}],"author":[{"embeddable":true,"href":"https:\/\/archive.sana.sy\/tr\/index.php?rest_route=\/wp\/v2\/users\/1"}],"replies":[{"embeddable":true,"href":"https:\/\/archive.sana.sy\/tr\/index.php?rest_route=%2Fwp%2Fv2%2Fcomments&post=32164"}],"version-history":[{"count":0,"href":"https:\/\/archive.sana.sy\/tr\/index.php?rest_route=\/wp\/v2\/posts\/32164\/revisions"}],"wp:featuredmedia":[{"embeddable":true,"href":"https:\/\/archive.sana.sy\/tr\/index.php?rest_route=\/wp\/v2\/media\/32165"}],"wp:attachment":[{"href":"https:\/\/archive.sana.sy\/tr\/index.php?rest_route=%2Fwp%2Fv2%2Fmedia&parent=32164"}],"wp:term":[{"taxonomy":"category","embeddable":true,"href":"https:\/\/archive.sana.sy\/tr\/index.php?rest_route=%2Fwp%2Fv2%2Fcategories&post=32164"},{"taxonomy":"post_tag","embeddable":true,"href":"https:\/\/archive.sana.sy\/tr\/index.php?rest_route=%2Fwp%2Fv2%2Ftags&post=32164"}],"curies":[{"name":"wp","href":"https:\/\/api.w.org\/{rel}","templated":true}]}}