{"id":321642,"date":"2025-05-21T11:00:50","date_gmt":"2025-05-21T08:00:50","guid":{"rendered":"https:\/\/sana.sy\/tr\/?p=321642"},"modified":"2025-05-21T11:43:36","modified_gmt":"2025-05-21T08:43:36","slug":"dunya-islam-birligi-abnin-suriyeye-yonelik-yaptirimlari-kaldirma-karari-suriye-halki-icin-bir-umut-isigidir","status":"publish","type":"post","link":"https:\/\/archive.sana.sy\/tr\/?p=321642","title":{"rendered":"D\u00fcnya \u0130slam Birli\u011fi: AB\u2019nin Suriye\u2019ye Y\u00f6nelik Yapt\u0131r\u0131mlar\u0131 Kald\u0131rma Karar\u0131, Suriye Halk\u0131 \u0130\u00e7in Bir Umut I\u015f\u0131\u011f\u0131d\u0131r"},"content":{"rendered":"<p style=\"text-align: justify;\">R\u0130YAD (SANA) &#8211;\u00a0 D\u00fcnya \u0130slam Birli\u011fi, Avrupa Birli\u011fi&#8217;nin Suriye Arap Cumhuriyeti\u2019ne y\u00f6nelik t\u00fcm ekonomik yapt\u0131r\u0131mlar\u0131 kald\u0131rma karar\u0131n\u0131 memnuniyetle kar\u015f\u0131lad\u0131.<\/p>\n<p style=\"text-align: justify;\">Birli\u011fin Genel Sekreteri ve M\u00fcsl\u00fcman Alimler Heyeti Ba\u015fkan\u0131 Muhammed bin Abdulkerim El \u0130ssa, Birli\u011fin resmi internet sitesinde yay\u0131mlanan a\u00e7\u0131klamas\u0131nda, bu \u00f6nemli ad\u0131m\u0131 Suriye&#8217;nin gelece\u011fe y\u00f6nelik umut dolu yolculu\u011funu destekleyen de\u011ferli bir geli\u015fme olarak nitelendirdi.<\/p>\n<p style=\"text-align: justify;\">El \u0130ssa ayr\u0131ca, bu ba\u011flamda yap\u0131lan t\u00fcm uluslararas\u0131 \u00e7abalara dikkat \u00e7ekerek, \u00f6zellikle Suudi Arabistan\u2019\u0131n Suriye halk\u0131na destek konusunda g\u00f6sterdi\u011fi yo\u011fun ve hay\u0131rsever giri\u015fimleri takdir etti.<\/p>\n<p style=\"text-align: justify;\">Bu \u00e7abalar, Amerika Birle\u015fik Devletleri Ba\u015fkan\u0131 Donald Trump\u2019\u0131n Riyad\u2019dan yapt\u0131\u011f\u0131 ve Suriye\u2019ye y\u00f6nelik t\u00fcm Amerikan yapt\u0131r\u0131mlar\u0131n\u0131n kald\u0131r\u0131ld\u0131\u011f\u0131n\u0131 duyurdu\u011fu \u201ctarihi\u201d a\u00e7\u0131klamayla ta\u00e7land\u0131. Avrupa Birli\u011fi\u2019nin ald\u0131\u011f\u0131 karar\u0131n da bu etkili ve \u00f6nemli Amerikan karar\u0131n\u0131n hemen ard\u0131ndan gelmesi dikkat \u00e7ekti.<\/p>\n","protected":false},"excerpt":{"rendered":"<p>R\u0130YAD (SANA) &#8211;\u00a0 D\u00fcnya \u0130slam Birli\u011fi, Avrupa Birli\u011fi&#8217;nin Suriye Arap Cumhuriyeti\u2019ne y\u00f6nelik t\u00fcm ekonomik yapt\u0131r\u0131mlar\u0131 kald\u0131rma karar\u0131n\u0131 memnuniyetle kar\u015f\u0131lad\u0131. Birli\u011fin Genel Sekreteri ve M\u00fcsl\u00fcman Alimler Heyeti Ba\u015fkan\u0131 Muhammed bin Abdulkerim El \u0130ssa, Birli\u011fin resmi internet sitesinde yay\u0131mlanan a\u00e7\u0131klamas\u0131nda, bu \u00f6nemli ad\u0131m\u0131 Suriye&#8217;nin gelece\u011fe y\u00f6nelik umut dolu yolculu\u011funu destekleyen de\u011ferli bir geli\u015fme olarak nitelendirdi. El \u0130ssa &hellip;<\/p>\n","protected":false},"author":39,"featured_media":321643,"comment_status":"closed","ping_status":"closed","sticky":false,"template":"","format":"standard","meta":{"footnotes":""},"categories":[458,589,459,17988],"tags":[],"class_list":["post-321642","post","type-post","status-publish","format-standard","has-post-thumbnail","","category-dunya1","category-haber-seridi","category-haberler-arap-uluslararasi-politika","category-son-haberler"],"_links":{"self":[{"href":"https:\/\/archive.sana.sy\/tr\/index.php?rest_route=\/wp\/v2\/posts\/321642","targetHints":{"allow":["GET"]}}],"collection":[{"href":"https:\/\/archive.sana.sy\/tr\/index.php?rest_route=\/wp\/v2\/posts"}],"about":[{"href":"https:\/\/archive.sana.sy\/tr\/index.php?rest_route=\/wp\/v2\/types\/post"}],"author":[{"embeddable":true,"href":"https:\/\/archive.sana.sy\/tr\/index.php?rest_route=\/wp\/v2\/users\/39"}],"replies":[{"embeddable":true,"href":"https:\/\/archive.sana.sy\/tr\/index.php?rest_route=%2Fwp%2Fv2%2Fcomments&post=321642"}],"version-history":[{"count":1,"href":"https:\/\/archive.sana.sy\/tr\/index.php?rest_route=\/wp\/v2\/posts\/321642\/revisions"}],"predecessor-version":[{"id":321644,"href":"https:\/\/archive.sana.sy\/tr\/index.php?rest_route=\/wp\/v2\/posts\/321642\/revisions\/321644"}],"wp:featuredmedia":[{"embeddable":true,"href":"https:\/\/archive.sana.sy\/tr\/index.php?rest_route=\/wp\/v2\/media\/321643"}],"wp:attachment":[{"href":"https:\/\/archive.sana.sy\/tr\/index.php?rest_route=%2Fwp%2Fv2%2Fmedia&parent=321642"}],"wp:term":[{"taxonomy":"category","embeddable":true,"href":"https:\/\/archive.sana.sy\/tr\/index.php?rest_route=%2Fwp%2Fv2%2Fcategories&post=321642"},{"taxonomy":"post_tag","embeddable":true,"href":"https:\/\/archive.sana.sy\/tr\/index.php?rest_route=%2Fwp%2Fv2%2Ftags&post=321642"}],"curies":[{"name":"wp","href":"https:\/\/api.w.org\/{rel}","templated":true}]}}