{"id":321660,"date":"2025-05-21T12:36:08","date_gmt":"2025-05-21T09:36:08","guid":{"rendered":"https:\/\/sana.sy\/tr\/?p=321660"},"modified":"2025-05-21T16:29:39","modified_gmt":"2025-05-21T13:29:39","slug":"italya-ve-polonya-avrupa-birliginin-suriyeye-yonelik-yaptirimlari-kaldirma-kararini-memnuniyetle-karsiladi","status":"publish","type":"post","link":"https:\/\/archive.sana.sy\/tr\/?p=321660","title":{"rendered":"\u0130talya ve Polonya, Avrupa Birli\u011fi\u2019nin Suriye\u2019ye y\u00f6nelik yapt\u0131r\u0131mlar\u0131 kald\u0131rma karar\u0131n\u0131 memnuniyetle kar\u015f\u0131lad\u0131"},"content":{"rendered":"<p style=\"text-align: justify;\"><strong><span style=\"color: #ff0000;\">\u015eAM (SANA)<\/span> \u2013<\/strong> \u0130talya&#8217;n\u0131n \u015eam B\u00fcy\u00fckel\u00e7isi Stefano Ravanian, Avrupa Birli\u011fi&#8217;nin Suriye&#8217;ye y\u00f6nelik ekonomik yapt\u0131r\u0131mlar\u0131 kald\u0131rma karar\u0131n\u0131 memnuniyetle kar\u015f\u0131layarak, \u00fclkesinin yeniden yap\u0131lanma s\u00fcrecini desteklemeye haz\u0131r oldu\u011funu belirtti.<\/p>\n<p style=\"text-align: justify;\">Ravagnan, sosyal medya platformu X \u00fczerinden yapt\u0131\u011f\u0131 payla\u015f\u0131mda, \u201cBir Avrupal\u0131 olarak Avrupa Birli\u011fi\u2019nin Suriye\u2019ye y\u00f6nelik ekonomik yapt\u0131r\u0131mlar\u0131 kald\u0131rmas\u0131ndan gurur duyuyorum. Bir \u0130talyan olarak da bu sonuca \u0130talya\u2019n\u0131n yapt\u0131\u011f\u0131 g\u00fc\u00e7l\u00fc katk\u0131yla gurur duyuyorum\u201d dedi.<\/p>\n<p style=\"text-align: justify;\">B\u00fcy\u00fckel\u00e7i Ravagnan ayr\u0131ca, \u201c\u015eimdi a\u00e7\u0131lan bu yeni d\u00f6nemde Suriye\u2019ye ba\u015far\u0131lar diliyoruz. \u00dclkenin yeniden in\u015fas\u0131 i\u00e7in her alanda destek vermeye tamamen haz\u0131r\u0131z\u201d diye ekledi.<\/p>\n<p style=\"text-align: justify;\">\u00d6te yandan, Polonya\u2019n\u0131n \u015eam B\u00fcy\u00fckel\u00e7ili\u011fi de \u201cX\u201d platformu \u00fczerinden yapt\u0131\u011f\u0131 payla\u015f\u0131mda, Avrupa Birli\u011fi\u2019nin karar\u0131n\u0131 memnuniyetle kar\u015f\u0131lad\u0131klar\u0131n\u0131 a\u00e7\u0131klad\u0131.<\/p>\n<p style=\"text-align: justify;\">B\u00fcy\u00fckel\u00e7ilik a\u00e7\u0131klamas\u0131nda \u015fu ifadelere de yer verildi: \u201cSuriye\u2019de \u00f6nceki rejimin sona ermesinin ard\u0131ndan yapt\u0131r\u0131mlar\u0131n kald\u0131r\u0131lmas\u0131n\u0131 her zaman destekledik. Bu karar\u0131n Suriye halk\u0131 i\u00e7in daha fazla istikrar ve g\u00fcvenlik sa\u011flamas\u0131n\u0131, ayn\u0131 zamanda \u00fclkenin yeniden in\u015fas\u0131 i\u00e7in bir ba\u015flang\u0131\u00e7 olmas\u0131n\u0131 umuyoruz.\u201d<\/p>\n","protected":false},"excerpt":{"rendered":"<p>\u015eAM (SANA) \u2013 \u0130talya&#8217;n\u0131n \u015eam B\u00fcy\u00fckel\u00e7isi Stefano Ravanian, Avrupa Birli\u011fi&#8217;nin Suriye&#8217;ye y\u00f6nelik ekonomik yapt\u0131r\u0131mlar\u0131 kald\u0131rma karar\u0131n\u0131 memnuniyetle kar\u015f\u0131layarak, \u00fclkesinin yeniden yap\u0131lanma s\u00fcrecini desteklemeye haz\u0131r oldu\u011funu belirtti. Ravagnan, sosyal medya platformu X \u00fczerinden yapt\u0131\u011f\u0131 payla\u015f\u0131mda, \u201cBir Avrupal\u0131 olarak Avrupa Birli\u011fi\u2019nin Suriye\u2019ye y\u00f6nelik ekonomik yapt\u0131r\u0131mlar\u0131 kald\u0131rmas\u0131ndan gurur duyuyorum. Bir \u0130talyan olarak da bu sonuca \u0130talya\u2019n\u0131n yapt\u0131\u011f\u0131 g\u00fc\u00e7l\u00fc &hellip;<\/p>\n","protected":false},"author":39,"featured_media":321661,"comment_status":"closed","ping_status":"closed","sticky":false,"template":"","format":"standard","meta":{"footnotes":""},"categories":[458,589,459,17988],"tags":[],"class_list":["post-321660","post","type-post","status-publish","format-standard","has-post-thumbnail","","category-dunya1","category-haber-seridi","category-haberler-arap-uluslararasi-politika","category-son-haberler"],"_links":{"self":[{"href":"https:\/\/archive.sana.sy\/tr\/index.php?rest_route=\/wp\/v2\/posts\/321660","targetHints":{"allow":["GET"]}}],"collection":[{"href":"https:\/\/archive.sana.sy\/tr\/index.php?rest_route=\/wp\/v2\/posts"}],"about":[{"href":"https:\/\/archive.sana.sy\/tr\/index.php?rest_route=\/wp\/v2\/types\/post"}],"author":[{"embeddable":true,"href":"https:\/\/archive.sana.sy\/tr\/index.php?rest_route=\/wp\/v2\/users\/39"}],"replies":[{"embeddable":true,"href":"https:\/\/archive.sana.sy\/tr\/index.php?rest_route=%2Fwp%2Fv2%2Fcomments&post=321660"}],"version-history":[{"count":2,"href":"https:\/\/archive.sana.sy\/tr\/index.php?rest_route=\/wp\/v2\/posts\/321660\/revisions"}],"predecessor-version":[{"id":321671,"href":"https:\/\/archive.sana.sy\/tr\/index.php?rest_route=\/wp\/v2\/posts\/321660\/revisions\/321671"}],"wp:featuredmedia":[{"embeddable":true,"href":"https:\/\/archive.sana.sy\/tr\/index.php?rest_route=\/wp\/v2\/media\/321661"}],"wp:attachment":[{"href":"https:\/\/archive.sana.sy\/tr\/index.php?rest_route=%2Fwp%2Fv2%2Fmedia&parent=321660"}],"wp:term":[{"taxonomy":"category","embeddable":true,"href":"https:\/\/archive.sana.sy\/tr\/index.php?rest_route=%2Fwp%2Fv2%2Fcategories&post=321660"},{"taxonomy":"post_tag","embeddable":true,"href":"https:\/\/archive.sana.sy\/tr\/index.php?rest_route=%2Fwp%2Fv2%2Ftags&post=321660"}],"curies":[{"name":"wp","href":"https:\/\/api.w.org\/{rel}","templated":true}]}}