{"id":321678,"date":"2025-05-21T16:41:45","date_gmt":"2025-05-21T13:41:45","guid":{"rendered":"https:\/\/sana.sy\/tr\/?p=321678"},"modified":"2025-05-21T16:41:45","modified_gmt":"2025-05-21T13:41:45","slug":"erdogan-suriyenin-toprak-butunlugu-desteklenmeli","status":"publish","type":"post","link":"https:\/\/archive.sana.sy\/tr\/?p=321678","title":{"rendered":"Erdo\u011fan: Suriye&#8217;nin Toprak B\u00fct\u00fcnl\u00fc\u011f\u00fc Desteklenmeli"},"content":{"rendered":"<p style=\"text-align: justify;\"><span style=\"color: #ff0000;\"><strong>ANKARA (SANA)<\/strong> <\/span>&#8211; T\u00fcrkiye Cumhurba\u015fkan\u0131 Recep Tayyip Erdo\u011fan, Suriye&#8217;nin toprak b\u00fct\u00fcnl\u00fc\u011f\u00fcn\u00fcn desteklenmesi gerekti\u011fini yineleyerek, T\u00fcrkiye&#8217;nin Suriye&#8217;de istikrar\u0131 sa\u011flama y\u00f6n\u00fcndeki \u00e7abalar\u0131n\u0131n s\u00fcrd\u00fc\u011f\u00fcn\u00fc kaydetti.<\/p>\n<p style=\"text-align: justify;\">Anadolu Ajans\u0131, Cumhurba\u015fkan\u0131 Recep Tayyip Erdo\u011fan&#8217;\u0131n bug\u00fcn Macaristan&#8217;da d\u00fczenlenen T\u00fcrk Devletleri \u00d6rg\u00fct\u00fc&#8217;n\u00fcn gayr\u0131resmi zirvesinde yapt\u0131\u011f\u0131 konu\u015fmada \u015funlar\u0131 s\u00f6yledi\u011fini aktard\u0131: \u2018\u2019B\u00f6lgede istikrar\u0131 destekleme \u00e7abalar\u0131 kapsam\u0131nda Filistin, L\u00fcbnan ve Suriye&#8217;nin toprak b\u00fct\u00fcnl\u00fc\u011f\u00fcn\u00fcn desteklenmesi ve &#8220;s\u0131n\u0131r tan\u0131mayan&#8221; \u0130srail yay\u0131lmac\u0131l\u0131\u011f\u0131na kar\u015f\u0131 \u00e7\u0131k\u0131lmas\u0131 gerekiyor.\u2019\u2019<\/p>\n<p style=\"text-align: justify;\">T\u00fcrkiye&#8217;nin Suriye&#8217;de istikrar\u0131 sa\u011flama y\u00f6n\u00fcnde yo\u011fun \u00e7abalar sarf etti\u011fini vurgulayan Erdo\u011fan, bu f\u0131rsat\u0131n etkili ve do\u011fru \u015fekilde de\u011ferlendirilmesinin, sadece Suriye&#8217;de de\u011fil b\u00f6lge ve \u00f6tesinde istikrar\u0131n sa\u011flanmas\u0131 a\u00e7\u0131s\u0131ndan da b\u00fcy\u00fck \u00f6nem ta\u015f\u0131d\u0131\u011f\u0131n\u0131 kaydetti.<\/p>\n","protected":false},"excerpt":{"rendered":"<p>ANKARA (SANA) &#8211; T\u00fcrkiye Cumhurba\u015fkan\u0131 Recep Tayyip Erdo\u011fan, Suriye&#8217;nin toprak b\u00fct\u00fcnl\u00fc\u011f\u00fcn\u00fcn desteklenmesi gerekti\u011fini yineleyerek, T\u00fcrkiye&#8217;nin Suriye&#8217;de istikrar\u0131 sa\u011flama y\u00f6n\u00fcndeki \u00e7abalar\u0131n\u0131n s\u00fcrd\u00fc\u011f\u00fcn\u00fc kaydetti. Anadolu Ajans\u0131, Cumhurba\u015fkan\u0131 Recep Tayyip Erdo\u011fan&#8217;\u0131n bug\u00fcn Macaristan&#8217;da d\u00fczenlenen T\u00fcrk Devletleri \u00d6rg\u00fct\u00fc&#8217;n\u00fcn gayr\u0131resmi zirvesinde yapt\u0131\u011f\u0131 konu\u015fmada \u015funlar\u0131 s\u00f6yledi\u011fini aktard\u0131: \u2018\u2019B\u00f6lgede istikrar\u0131 destekleme \u00e7abalar\u0131 kapsam\u0131nda Filistin, L\u00fcbnan ve Suriye&#8217;nin toprak b\u00fct\u00fcnl\u00fc\u011f\u00fcn\u00fcn desteklenmesi ve &#8220;s\u0131n\u0131r &hellip;<\/p>\n","protected":false},"author":41,"featured_media":321679,"comment_status":"closed","ping_status":"closed","sticky":false,"template":"","format":"standard","meta":{"footnotes":""},"categories":[458,589,459,17988],"tags":[],"class_list":["post-321678","post","type-post","status-publish","format-standard","has-post-thumbnail","","category-dunya1","category-haber-seridi","category-haberler-arap-uluslararasi-politika","category-son-haberler"],"_links":{"self":[{"href":"https:\/\/archive.sana.sy\/tr\/index.php?rest_route=\/wp\/v2\/posts\/321678","targetHints":{"allow":["GET"]}}],"collection":[{"href":"https:\/\/archive.sana.sy\/tr\/index.php?rest_route=\/wp\/v2\/posts"}],"about":[{"href":"https:\/\/archive.sana.sy\/tr\/index.php?rest_route=\/wp\/v2\/types\/post"}],"author":[{"embeddable":true,"href":"https:\/\/archive.sana.sy\/tr\/index.php?rest_route=\/wp\/v2\/users\/41"}],"replies":[{"embeddable":true,"href":"https:\/\/archive.sana.sy\/tr\/index.php?rest_route=%2Fwp%2Fv2%2Fcomments&post=321678"}],"version-history":[{"count":1,"href":"https:\/\/archive.sana.sy\/tr\/index.php?rest_route=\/wp\/v2\/posts\/321678\/revisions"}],"predecessor-version":[{"id":321680,"href":"https:\/\/archive.sana.sy\/tr\/index.php?rest_route=\/wp\/v2\/posts\/321678\/revisions\/321680"}],"wp:featuredmedia":[{"embeddable":true,"href":"https:\/\/archive.sana.sy\/tr\/index.php?rest_route=\/wp\/v2\/media\/321679"}],"wp:attachment":[{"href":"https:\/\/archive.sana.sy\/tr\/index.php?rest_route=%2Fwp%2Fv2%2Fmedia&parent=321678"}],"wp:term":[{"taxonomy":"category","embeddable":true,"href":"https:\/\/archive.sana.sy\/tr\/index.php?rest_route=%2Fwp%2Fv2%2Fcategories&post=321678"},{"taxonomy":"post_tag","embeddable":true,"href":"https:\/\/archive.sana.sy\/tr\/index.php?rest_route=%2Fwp%2Fv2%2Ftags&post=321678"}],"curies":[{"name":"wp","href":"https:\/\/api.w.org\/{rel}","templated":true}]}}