{"id":321734,"date":"2025-05-21T23:07:22","date_gmt":"2025-05-21T20:07:22","guid":{"rendered":"https:\/\/sana.sy\/tr\/?p=321734"},"modified":"2025-05-22T12:43:58","modified_gmt":"2025-05-22T09:43:58","slug":"bayindirlik-ve-iskan-bakani-bahreyn-buyukelcisi-ile-savas-magdurlarina-konut-ve-hizmet-saglanmasi-konusunda-isbirligi-olanaklarini-gorustu","status":"publish","type":"post","link":"https:\/\/archive.sana.sy\/tr\/?p=321734","title":{"rendered":"Bay\u0131nd\u0131rl\u0131k Ve \u0130skan Bakan\u0131, Bahreyn B\u00fcy\u00fckel\u00e7isi \u0130le Sava\u015f Ma\u011fdurlar\u0131na Konut Ve Hizmet Sa\u011flanmas\u0131 Konusunda \u0130\u015fbirli\u011fi Olanaklar\u0131n\u0131 G\u00f6r\u00fc\u015ft\u00fc"},"content":{"rendered":"<p style=\"text-align: justify;\"><strong>\u015eAM (SANA) \u2013 <\/strong>Bay\u0131nd\u0131rl\u0131k ve \u0130skan Bakan\u0131 Mustafa Abdulrezzak, Bahreyn&#8217;in \u015eam B\u00fcy\u00fckel\u00e7isi Vahid Mubarak El Sayyar ile iki \u00fclke aras\u0131ndaki i\u015fbirli\u011finin, \u00f6zellikle yeniden yap\u0131lanma s\u00fcreciyle ilgili olarak art\u0131r\u0131lmas\u0131 imkanlar\u0131n\u0131 g\u00f6r\u00fc\u015ft\u00fc.<\/p>\n<p style=\"text-align: justify;\">\u015eam&#8217;daki Bakanl\u0131k merkezinde ger\u00e7ekle\u015fen g\u00f6r\u00fc\u015fmede, Bahreynli yat\u0131r\u0131m \u015firketlerinin Suriye&#8217;deki durumu de\u011ferlendirmek, incelemek ve sava\u015ftan etkilenenlere hizmet ve bar\u0131nma alanlar\u0131nda destek sa\u011flaman\u0131n yollar\u0131n\u0131 belirlemek amac\u0131yla \u00fclkeye g\u00f6nderilmesi konusu ele al\u0131nd\u0131.<\/p>\n<p style=\"text-align: justify;\">Taraflar, Bahreyn yat\u0131r\u0131mlar\u0131 da dahil olmak \u00fczere Suriye&#8217;ye yat\u0131r\u0131m giri\u015finin, \u00f6zellikle gen\u00e7ler olmak \u00fczere Suriyeli kadrolar i\u00e7in i\u015f imk\u00e2nlar\u0131 yarat\u0131lmas\u0131na katk\u0131 sa\u011flad\u0131\u011f\u0131n\u0131 ve hizmetlerin ve ya\u015fam ko\u015fullar\u0131n\u0131n iyile\u015ftirilmesine yard\u0131mc\u0131 oldu\u011funu vurgulad\u0131.<\/p>\n","protected":false},"excerpt":{"rendered":"<p>\u015eAM (SANA) \u2013 Bay\u0131nd\u0131rl\u0131k ve \u0130skan Bakan\u0131 Mustafa Abdulrezzak, Bahreyn&#8217;in \u015eam B\u00fcy\u00fckel\u00e7isi Vahid Mubarak El Sayyar ile iki \u00fclke aras\u0131ndaki i\u015fbirli\u011finin, \u00f6zellikle yeniden yap\u0131lanma s\u00fcreciyle ilgili olarak art\u0131r\u0131lmas\u0131 imkanlar\u0131n\u0131 g\u00f6r\u00fc\u015ft\u00fc. \u015eam&#8217;daki Bakanl\u0131k merkezinde ger\u00e7ekle\u015fen g\u00f6r\u00fc\u015fmede, Bahreynli yat\u0131r\u0131m \u015firketlerinin Suriye&#8217;deki durumu de\u011ferlendirmek, incelemek ve sava\u015ftan etkilenenlere hizmet ve bar\u0131nma alanlar\u0131nda destek sa\u011flaman\u0131n yollar\u0131n\u0131 belirlemek amac\u0131yla \u00fclkeye &hellip;<\/p>\n","protected":false},"author":39,"featured_media":321735,"comment_status":"closed","ping_status":"closed","sticky":false,"template":"","format":"standard","meta":{"footnotes":""},"categories":[589,479,17988,478],"tags":[],"class_list":["post-321734","post","type-post","status-publish","format-standard","has-post-thumbnail","","category-haber-seridi","category-haberler-yerel","category-son-haberler","category-yerel"],"_links":{"self":[{"href":"https:\/\/archive.sana.sy\/tr\/index.php?rest_route=\/wp\/v2\/posts\/321734","targetHints":{"allow":["GET"]}}],"collection":[{"href":"https:\/\/archive.sana.sy\/tr\/index.php?rest_route=\/wp\/v2\/posts"}],"about":[{"href":"https:\/\/archive.sana.sy\/tr\/index.php?rest_route=\/wp\/v2\/types\/post"}],"author":[{"embeddable":true,"href":"https:\/\/archive.sana.sy\/tr\/index.php?rest_route=\/wp\/v2\/users\/39"}],"replies":[{"embeddable":true,"href":"https:\/\/archive.sana.sy\/tr\/index.php?rest_route=%2Fwp%2Fv2%2Fcomments&post=321734"}],"version-history":[{"count":1,"href":"https:\/\/archive.sana.sy\/tr\/index.php?rest_route=\/wp\/v2\/posts\/321734\/revisions"}],"predecessor-version":[{"id":321736,"href":"https:\/\/archive.sana.sy\/tr\/index.php?rest_route=\/wp\/v2\/posts\/321734\/revisions\/321736"}],"wp:featuredmedia":[{"embeddable":true,"href":"https:\/\/archive.sana.sy\/tr\/index.php?rest_route=\/wp\/v2\/media\/321735"}],"wp:attachment":[{"href":"https:\/\/archive.sana.sy\/tr\/index.php?rest_route=%2Fwp%2Fv2%2Fmedia&parent=321734"}],"wp:term":[{"taxonomy":"category","embeddable":true,"href":"https:\/\/archive.sana.sy\/tr\/index.php?rest_route=%2Fwp%2Fv2%2Fcategories&post=321734"},{"taxonomy":"post_tag","embeddable":true,"href":"https:\/\/archive.sana.sy\/tr\/index.php?rest_route=%2Fwp%2Fv2%2Ftags&post=321734"}],"curies":[{"name":"wp","href":"https:\/\/api.w.org\/{rel}","templated":true}]}}