{"id":321852,"date":"2025-05-25T10:25:54","date_gmt":"2025-05-25T07:25:54","guid":{"rendered":"https:\/\/sana.sy\/tr\/?p=321852"},"modified":"2025-05-25T19:08:43","modified_gmt":"2025-05-25T16:08:43","slug":"abd-cumhuriyetci-parti-uyesi-suriyeye-yonelik-yaptirimlarin-kaldirilmasi-ulkenin-ilerlemesi-icin-cok-onemli-bir-adim","status":"publish","type":"post","link":"https:\/\/archive.sana.sy\/tr\/?p=321852","title":{"rendered":"ABD Cumhuriyet\u00e7i Parti \u00dcyesi: Suriye&#8217;ye Y\u00f6nelik Yapt\u0131r\u0131mlar\u0131n Kald\u0131r\u0131lmas\u0131 \u00dclkenin \u0130lerlemesi \u0130\u00e7in \u00c7ok \u00d6nemli Bir Ad\u0131m"},"content":{"rendered":"<p style=\"text-align: justify;\"><span style=\"color: #ff0000;\"><strong>KAH\u0130RE (SANA) <span style=\"color: #000000;\">&#8211;<\/span><\/strong><\/span>\u00a0 Cumhuriyet\u00e7i Parti siyasi stratejisti Robert Arlett, Suriye&#8217;ye y\u00f6nelik yapt\u0131r\u0131mlar\u0131n kald\u0131r\u0131lmas\u0131n\u0131n, \u00fclkenin ilerlemesi ve Suriye halk\u0131n\u0131n son on y\u0131llard\u0131r i\u00e7inden ge\u00e7ti\u011fi zorlu s\u00fcreci a\u015fmas\u0131na yard\u0131mc\u0131 olmak ad\u0131na \u00f6nemli bir ad\u0131m oldu\u011funu vurgulad\u0131.<\/p>\n<p style=\"text-align: justify;\">Arlett, El Kahire Haber Kanal\u0131&#8217;na verdi\u011fi \u00f6zel deme\u00e7te, &#8220;ABD Ba\u015fkan\u0131 Donald Trump, Suriye&#8217;ye y\u00f6nelik baz\u0131 yapt\u0131r\u0131mlar\u0131 kald\u0131rmak ve Suriye ekonomisini engelleyen engelleri hafifletmek i\u00e7in \u00e7al\u0131\u015f\u0131rken stratejisinde netti&#8221; diyerek, &#8220;Bu ad\u0131mlar, d\u0131\u015f taraflar\u0131n yetkilerini beklemeden, devlet ba\u015fkanlar\u0131yla do\u011frudan i\u015f birli\u011fi yaparak bar\u0131\u015fa ula\u015fmay\u0131 hedefleyen kapsaml\u0131 bir vizyonun par\u00e7as\u0131d\u0131r&#8221; ifadelerini kulland\u0131<\/p>\n<p style=\"text-align: justify;\">Arlett ayr\u0131ca, Trump&#8217;\u0131n iki hafta \u00f6nce Orta Do\u011fu ziyaretine b\u00fcy\u00fck \u00f6nem ta\u015f\u0131d\u0131\u011f\u0131n\u0131 ve b\u00f6lgenin liderleriyle yeni ileti\u015fim kanallar\u0131n\u0131n a\u00e7\u0131lmas\u0131na, daha istikrarl\u0131 ili\u015fkiler ve daha geni\u015f ekonomik f\u0131rsatlar\u0131n yolunu a\u00e7maya katk\u0131da bulundu\u011funu belirtirken, Trump&#8217;\u0131n b\u00f6lgesel m\u00fcdahalelerden uzak, s\u00fcrd\u00fcr\u00fclebilir bar\u0131\u015fa odakland\u0131\u011f\u0131na i\u015faret etti.<\/p>\n<p style=\"text-align: justify;\">&#8220;Orta Do\u011fu ile iyi ili\u015fkilerin desteklenmesi, yaln\u0131zca Suriye i\u00e7in de\u011fil, t\u00fcm b\u00f6lge i\u00e7in refah ve esenlik sa\u011flamay\u0131 ve Amerika&#8217;n\u0131n \u00fclkeleriyle ili\u015fkilerini g\u00fc\u00e7lendirmeyi ama\u00e7layan uzun vadeli stratejik plan\u0131n bir par\u00e7as\u0131d\u0131r&#8221; diyen Arlett, \u00a0kapsaml\u0131 bar\u0131\u015fa ula\u015fmak i\u00e7in ekonomik f\u0131rsatlar\u0131n de\u011ferlendirilmesinin \u00f6nemini de vurgulad\u0131.<\/p>\n","protected":false},"excerpt":{"rendered":"<p>KAH\u0130RE (SANA) &#8211;\u00a0 Cumhuriyet\u00e7i Parti siyasi stratejisti Robert Arlett, Suriye&#8217;ye y\u00f6nelik yapt\u0131r\u0131mlar\u0131n kald\u0131r\u0131lmas\u0131n\u0131n, \u00fclkenin ilerlemesi ve Suriye halk\u0131n\u0131n son on y\u0131llard\u0131r i\u00e7inden ge\u00e7ti\u011fi zorlu s\u00fcreci a\u015fmas\u0131na yard\u0131mc\u0131 olmak ad\u0131na \u00f6nemli bir ad\u0131m oldu\u011funu vurgulad\u0131. Arlett, El Kahire Haber Kanal\u0131&#8217;na verdi\u011fi \u00f6zel deme\u00e7te, &#8220;ABD Ba\u015fkan\u0131 Donald Trump, Suriye&#8217;ye y\u00f6nelik baz\u0131 yapt\u0131r\u0131mlar\u0131 kald\u0131rmak ve Suriye ekonomisini engelleyen &hellip;<\/p>\n","protected":false},"author":36,"featured_media":321853,"comment_status":"closed","ping_status":"closed","sticky":false,"template":"","format":"standard","meta":{"footnotes":""},"categories":[458,589,459,17988],"tags":[],"class_list":["post-321852","post","type-post","status-publish","format-standard","has-post-thumbnail","","category-dunya1","category-haber-seridi","category-haberler-arap-uluslararasi-politika","category-son-haberler"],"_links":{"self":[{"href":"https:\/\/archive.sana.sy\/tr\/index.php?rest_route=\/wp\/v2\/posts\/321852","targetHints":{"allow":["GET"]}}],"collection":[{"href":"https:\/\/archive.sana.sy\/tr\/index.php?rest_route=\/wp\/v2\/posts"}],"about":[{"href":"https:\/\/archive.sana.sy\/tr\/index.php?rest_route=\/wp\/v2\/types\/post"}],"author":[{"embeddable":true,"href":"https:\/\/archive.sana.sy\/tr\/index.php?rest_route=\/wp\/v2\/users\/36"}],"replies":[{"embeddable":true,"href":"https:\/\/archive.sana.sy\/tr\/index.php?rest_route=%2Fwp%2Fv2%2Fcomments&post=321852"}],"version-history":[{"count":4,"href":"https:\/\/archive.sana.sy\/tr\/index.php?rest_route=\/wp\/v2\/posts\/321852\/revisions"}],"predecessor-version":[{"id":321888,"href":"https:\/\/archive.sana.sy\/tr\/index.php?rest_route=\/wp\/v2\/posts\/321852\/revisions\/321888"}],"wp:featuredmedia":[{"embeddable":true,"href":"https:\/\/archive.sana.sy\/tr\/index.php?rest_route=\/wp\/v2\/media\/321853"}],"wp:attachment":[{"href":"https:\/\/archive.sana.sy\/tr\/index.php?rest_route=%2Fwp%2Fv2%2Fmedia&parent=321852"}],"wp:term":[{"taxonomy":"category","embeddable":true,"href":"https:\/\/archive.sana.sy\/tr\/index.php?rest_route=%2Fwp%2Fv2%2Fcategories&post=321852"},{"taxonomy":"post_tag","embeddable":true,"href":"https:\/\/archive.sana.sy\/tr\/index.php?rest_route=%2Fwp%2Fv2%2Ftags&post=321852"}],"curies":[{"name":"wp","href":"https:\/\/api.w.org\/{rel}","templated":true}]}}