{"id":321871,"date":"2025-05-25T16:23:23","date_gmt":"2025-05-25T13:23:23","guid":{"rendered":"https:\/\/sana.sy\/tr\/?p=321871"},"modified":"2025-05-27T08:34:06","modified_gmt":"2025-05-27T05:34:06","slug":"suriye-cumhurbaskani-el-sara-turk-tarafiyla-cesitli-alanlarda-ikili-isbirliginin-guclendirilmesi-konusunda-ust-duzey-bir-heyetle-gorusmelerde-bulundu","status":"publish","type":"post","link":"https:\/\/archive.sana.sy\/tr\/?p=321871","title":{"rendered":"Cumhurba\u015fkan\u0131 El \u015eara, T\u00fcrk Taraf\u0131yla \u00c7e\u015fitli Alanlarda \u0130kili \u0130\u015f Birli\u011finin G\u00fc\u00e7lendirilmesi Konusunda \u00dcst D\u00fczey Bir Heyetle G\u00f6r\u00fc\u015fmelerde Bulundu"},"content":{"rendered":"<p style=\"text-align: justify;\"><span style=\"color: #ff0000;\"><strong>ANKARA (SANA)- <\/strong><\/span>Cumhurba\u015fkan\u0131 Ahmed El \u015eara, D\u0131\u015fi\u015fleri ve Gurbet\u00e7iler Bakan\u0131 Asaad El \u015eeybani ve Savunma Bakan\u0131 Murhaf Ebu Kasra&#8217;n\u0131n da yer ald\u0131\u011f\u0131 \u00fcst d\u00fczey Suriye heyetini ba\u015fkanl\u0131k ederek, Cumhurba\u015fkan\u0131 Yard\u0131mc\u0131s\u0131 Cevdet Y\u0131lmaz, Hazine ve Maliye Bakan\u0131 Mehmet \u015eim\u015fek, Merkez Bankas\u0131 Ba\u015fkan\u0131 Fatih Karahan ve Savunma Sanayii Ba\u015fkan\u0131 Haluk G\u00f6rg\u00fcn&#8217;\u00fcn de aralar\u0131nda bulundu\u011fu T\u00fcrk heyetiyle ba\u015fkent Ankara&#8217;da d\u00fczenlenen toplant\u0131da bir araya geldi.<\/p>\n<p style=\"text-align: justify;\">G\u00f6r\u00fc\u015fmede, iki taraf, ortak hedeflere hizmet edecek \u015fekilde ili\u015fkilerin geli\u015ftirilmesi y\u00f6n\u00fcndeki kararl\u0131l\u0131klar\u0131 kapsam\u0131nda \u00e7e\u015fitli alanlarda ikili i\u015fbirli\u011fini art\u0131rman\u0131n yollar\u0131n\u0131 ele ald\u0131.<\/p>\n<p style=\"text-align: justify;\"><img loading=\"lazy\" decoding=\"async\" class=\"wp-image-321873 size-full\" src=\"http:\/\/sana.sy\/tr\/wp-content\/uploads\/2025\/05\/photo_2025-05-25_14-41-35-2.jpg\" alt=\"\" width=\"1280\" height=\"718\" srcset=\"https:\/\/archive.sana.sy\/tr\/wp-content\/uploads\/2025\/05\/photo_2025-05-25_14-41-35-2.jpg 1280w, https:\/\/archive.sana.sy\/tr\/wp-content\/uploads\/2025\/05\/photo_2025-05-25_14-41-35-2-300x168.jpg 300w, https:\/\/archive.sana.sy\/tr\/wp-content\/uploads\/2025\/05\/photo_2025-05-25_14-41-35-2-1024x574.jpg 1024w, https:\/\/archive.sana.sy\/tr\/wp-content\/uploads\/2025\/05\/photo_2025-05-25_14-41-35-2-768x431.jpg 768w\" sizes=\"auto, (max-width: 1280px) 100vw, 1280px\" \/><\/p>\n","protected":false},"excerpt":{"rendered":"<p>ANKARA (SANA)- Cumhurba\u015fkan\u0131 Ahmed El \u015eara, D\u0131\u015fi\u015fleri ve Gurbet\u00e7iler Bakan\u0131 Asaad El \u015eeybani ve Savunma Bakan\u0131 Murhaf Ebu Kasra&#8217;n\u0131n da yer ald\u0131\u011f\u0131 \u00fcst d\u00fczey Suriye heyetini ba\u015fkanl\u0131k ederek, Cumhurba\u015fkan\u0131 Yard\u0131mc\u0131s\u0131 Cevdet Y\u0131lmaz, Hazine ve Maliye Bakan\u0131 Mehmet \u015eim\u015fek, Merkez Bankas\u0131 Ba\u015fkan\u0131 Fatih Karahan ve Savunma Sanayii Ba\u015fkan\u0131 Haluk G\u00f6rg\u00fcn&#8217;\u00fcn de aralar\u0131nda bulundu\u011fu T\u00fcrk heyetiyle ba\u015fkent &hellip;<\/p>\n","protected":false},"author":41,"featured_media":321872,"comment_status":"closed","ping_status":"closed","sticky":false,"template":"","format":"standard","meta":{"footnotes":""},"categories":[17988,2555],"tags":[],"class_list":["post-321871","post","type-post","status-publish","format-standard","has-post-thumbnail","","category-son-haberler","category-suriye-ve-turkiye"],"_links":{"self":[{"href":"https:\/\/archive.sana.sy\/tr\/index.php?rest_route=\/wp\/v2\/posts\/321871","targetHints":{"allow":["GET"]}}],"collection":[{"href":"https:\/\/archive.sana.sy\/tr\/index.php?rest_route=\/wp\/v2\/posts"}],"about":[{"href":"https:\/\/archive.sana.sy\/tr\/index.php?rest_route=\/wp\/v2\/types\/post"}],"author":[{"embeddable":true,"href":"https:\/\/archive.sana.sy\/tr\/index.php?rest_route=\/wp\/v2\/users\/41"}],"replies":[{"embeddable":true,"href":"https:\/\/archive.sana.sy\/tr\/index.php?rest_route=%2Fwp%2Fv2%2Fcomments&post=321871"}],"version-history":[{"count":4,"href":"https:\/\/archive.sana.sy\/tr\/index.php?rest_route=\/wp\/v2\/posts\/321871\/revisions"}],"predecessor-version":[{"id":321877,"href":"https:\/\/archive.sana.sy\/tr\/index.php?rest_route=\/wp\/v2\/posts\/321871\/revisions\/321877"}],"wp:featuredmedia":[{"embeddable":true,"href":"https:\/\/archive.sana.sy\/tr\/index.php?rest_route=\/wp\/v2\/media\/321872"}],"wp:attachment":[{"href":"https:\/\/archive.sana.sy\/tr\/index.php?rest_route=%2Fwp%2Fv2%2Fmedia&parent=321871"}],"wp:term":[{"taxonomy":"category","embeddable":true,"href":"https:\/\/archive.sana.sy\/tr\/index.php?rest_route=%2Fwp%2Fv2%2Fcategories&post=321871"},{"taxonomy":"post_tag","embeddable":true,"href":"https:\/\/archive.sana.sy\/tr\/index.php?rest_route=%2Fwp%2Fv2%2Ftags&post=321871"}],"curies":[{"name":"wp","href":"https:\/\/api.w.org\/{rel}","templated":true}]}}