{"id":321880,"date":"2025-05-25T18:12:23","date_gmt":"2025-05-25T15:12:23","guid":{"rendered":"https:\/\/sana.sy\/tr\/?p=321880"},"modified":"2025-05-25T18:12:23","modified_gmt":"2025-05-25T15:12:23","slug":"bakan-mustafa-katar-buyukelciligi-maslahatguzari-ile-iki-ulke-arasindaki-medya-isbirliginin-artirilmasi-yollarini-gorustu","status":"publish","type":"post","link":"https:\/\/archive.sana.sy\/tr\/?p=321880","title":{"rendered":"Bakan Mustafa, Katar B\u00fcy\u00fckel\u00e7ili\u011fi Maslahatg\u00fczar\u0131 \u0130le \u0130ki \u00dclke Aras\u0131ndaki Medya \u0130\u015fbirli\u011finin Art\u0131r\u0131lmas\u0131 Yollar\u0131n\u0131 G\u00f6r\u00fc\u015ft\u00fc"},"content":{"rendered":"<p style=\"text-align: justify;\"><strong><span style=\"color: #ff0000;\">\u015eAM (SANA) <\/span>&#8211;<\/strong> Enformasyon Bakan\u0131 Dr. Hamza Mustafa, Katar&#8217;\u0131n \u015eam B\u00fcy\u00fckel\u00e7ili\u011fi Maslahatg\u00fczar\u0131 Halife bin Abdullah El Mahmud ile iki \u00fclke aras\u0131ndaki medya i\u015fbirli\u011finin imk\u00e2nlar\u0131 ve \u00f6n\u00fcm\u00fczdeki d\u00f6nemde Suriye medya ortam\u0131n\u0131 g\u00fc\u00e7lendirecek stratejik ortakl\u0131k kurma yollar\u0131 konusunda g\u00f6r\u00fc\u015ft\u00fc.<\/p>\n<p style=\"text-align: justify;\">Enformasyon Bakan\u0131 g\u00f6r\u00fc\u015fmede, Suriye&#8217;nin kurtulu\u015fundan sonraki medya ortam\u0131na ili\u015fkin kapsaml\u0131 bir genel bak\u0131\u015f sunarak, Suriye vatanda\u015flar\u0131n\u0131n ulusal medyaya olan g\u00fcvenini yeniden tesis etmek amac\u0131yla Suriye medyas\u0131n\u0131 ulusal ve profesyonel bir temelde canland\u0131rmak i\u00e7in yap\u0131lan \u00e7al\u0131\u015fmalar\u0131 kaydetti.<\/p>\n<p style=\"text-align: justify;\">Bakan Mustafa, bakanl\u0131\u011f\u0131n kurtulu\u015ftan sonra kar\u015f\u0131 kar\u015f\u0131ya kald\u0131\u011f\u0131 en \u00f6nemli zorluklardan birinin, medya bo\u015flu\u011funu dolduracak \u015fekilde devlet televizyonunun yeni bir \u015fekilde faaliyete ge\u00e7mesi oldu\u011funu, ayr\u0131ca rehabilitasyon planlar\u0131n\u0131 tamamlad\u0131ktan sonra \u00f6n\u00fcm\u00fczdeki ay Suriye Arap Haber Ajans\u0131&#8217;n\u0131n (SANA) resmen yay\u0131n hayat\u0131na ba\u015flamas\u0131na haz\u0131rland\u0131klar\u0131n\u0131 vurgulad\u0131.<\/p>\n<p style=\"text-align: justify;\">El Sevra gazetesinin gelecek eyl\u00fcl ay\u0131n\u0131n ba\u015f\u0131nda bas\u0131lmaya ba\u015flanaca\u011f\u0131n\u0131, bunun kurtulu\u015ftan sonra bas\u0131lan ilk resmi gazete olaca\u011f\u0131n\u0131 bildiren Enformasyon Bakan\u0131, Bakanl\u0131\u011f\u0131n \u015fu anki yakla\u015f\u0131m\u0131n\u0131n, gazetecilik mesle\u011fine dost bir medya ortam\u0131 olu\u015fturmak ve resmi olmaktan \u00e7ok ulusal bir medya in\u015fa etmek oldu\u011funu vurgulad\u0131.<\/p>\n<p style=\"text-align: justify;\">Elektronik medyaya ili\u015fkin olarak ise bakanl\u0131\u011f\u0131n \u015fu anda haber siteleri ve dijital gazetecili\u011fin geli\u015ftirilmesi, g\u00f6rsel kimli\u011finin g\u00fcncellenmesi ve en \u00fcst d\u00fczey g\u00fcvenlik standartlar\u0131n\u0131n uygulanmas\u0131n\u0131 i\u00e7eren bir plan \u00fczerinde \u00e7al\u0131\u015ft\u0131\u011f\u0131n\u0131 anlatan \u00a0Mustafa, Suriye medyas\u0131n\u0131n kar\u015f\u0131 kar\u015f\u0131ya kald\u0131\u011f\u0131 engellerden en \u00f6nemlisi olan Suriye&#8217;ye uygulanan yapt\u0131r\u0131mlar\u0131n kald\u0131r\u0131lmas\u0131 ve yalan, yan\u0131lt\u0131c\u0131 haberler yayan sahte hesaplar\u0131n yayg\u0131nla\u015fmas\u0131n\u0131n alt\u0131n\u0131 \u00e7izdi.<\/p>\n<p style=\"text-align: justify;\">Kom\u015fu \u00fclkelerden gelen yar\u0131m milyondan fazla sahte hesab\u0131n takip edildi\u011fini, Suriye meselesiyle ilgili olarak gece g\u00fcnd\u00fcz yalan haberler yay\u0131nland\u0131\u011f\u0131n\u0131, Suriye&#8217;deki i\u00e7 durumun genel tablosunu etkilemek amac\u0131yla g\u00fcvenlik haberlerini abartmaya \u00e7al\u0131\u015f\u0131ld\u0131\u011f\u0131n\u0131 belirten Mustafa, \u015fu anda uluslararas\u0131 medyaya a\u00e7\u0131k bir medya stratejisi olu\u015fturma y\u00f6n\u00fcnde \u00e7al\u0131\u015fmalar y\u00fcr\u00fct\u00fcld\u00fc\u011f\u00fcn\u00fc belirtti.<\/p>\n<p style=\"text-align: justify;\">Bakan Mustafa, \u00f6zellikle Suriye&#8217;nin zengin co\u011frafyas\u0131n\u0131n dramatik yap\u0131tlar\u0131n \u00fcretimi i\u00e7in ideal bir ortam sa\u011flad\u0131\u011f\u0131n\u0131 g\u00f6z \u00f6n\u00fcnde bulundurarak, Katar TV ile drama yap\u0131m\u0131n\u0131 desteklemek amac\u0131yla stratejik ortakl\u0131klar kurma arzusunu de dile getirdi.<\/p>\n<p style=\"text-align: justify;\">Katar Maslahatg\u00fczar\u0131 ise \u00fclkesinin Suriye medyas\u0131n\u0131n geli\u015fmesi, iki \u00fclke medya kurulu\u015flar\u0131 aras\u0131nda medya ortakl\u0131klar\u0131 ve stratejik i\u015f birli\u011fi planlar\u0131 kurulmas\u0131, medya profesyonellerinin yeti\u015ftirilmesi ve e\u011fitilmesi, Katar uzmanl\u0131\u011f\u0131ndan yararlan\u0131larak profesyonel ve modern bir medya altyap\u0131s\u0131n\u0131n kurulmas\u0131 i\u00e7in her t\u00fcrl\u00fc deste\u011fi sa\u011flamaya haz\u0131r oldu\u011funu ifade etti.<\/p>\n","protected":false},"excerpt":{"rendered":"<p>\u015eAM (SANA) &#8211; Enformasyon Bakan\u0131 Dr. Hamza Mustafa, Katar&#8217;\u0131n \u015eam B\u00fcy\u00fckel\u00e7ili\u011fi Maslahatg\u00fczar\u0131 Halife bin Abdullah El Mahmud ile iki \u00fclke aras\u0131ndaki medya i\u015fbirli\u011finin imk\u00e2nlar\u0131 ve \u00f6n\u00fcm\u00fczdeki d\u00f6nemde Suriye medya ortam\u0131n\u0131 g\u00fc\u00e7lendirecek stratejik ortakl\u0131k kurma yollar\u0131 konusunda g\u00f6r\u00fc\u015ft\u00fc. Enformasyon Bakan\u0131 g\u00f6r\u00fc\u015fmede, Suriye&#8217;nin kurtulu\u015fundan sonraki medya ortam\u0131na ili\u015fkin kapsaml\u0131 bir genel bak\u0131\u015f sunarak, Suriye vatanda\u015flar\u0131n\u0131n ulusal medyaya &hellip;<\/p>\n","protected":false},"author":41,"featured_media":321881,"comment_status":"closed","ping_status":"closed","sticky":false,"template":"","format":"standard","meta":{"footnotes":""},"categories":[589,479,17988,478],"tags":[],"class_list":["post-321880","post","type-post","status-publish","format-standard","has-post-thumbnail","","category-haber-seridi","category-haberler-yerel","category-son-haberler","category-yerel"],"_links":{"self":[{"href":"https:\/\/archive.sana.sy\/tr\/index.php?rest_route=\/wp\/v2\/posts\/321880","targetHints":{"allow":["GET"]}}],"collection":[{"href":"https:\/\/archive.sana.sy\/tr\/index.php?rest_route=\/wp\/v2\/posts"}],"about":[{"href":"https:\/\/archive.sana.sy\/tr\/index.php?rest_route=\/wp\/v2\/types\/post"}],"author":[{"embeddable":true,"href":"https:\/\/archive.sana.sy\/tr\/index.php?rest_route=\/wp\/v2\/users\/41"}],"replies":[{"embeddable":true,"href":"https:\/\/archive.sana.sy\/tr\/index.php?rest_route=%2Fwp%2Fv2%2Fcomments&post=321880"}],"version-history":[{"count":1,"href":"https:\/\/archive.sana.sy\/tr\/index.php?rest_route=\/wp\/v2\/posts\/321880\/revisions"}],"predecessor-version":[{"id":321882,"href":"https:\/\/archive.sana.sy\/tr\/index.php?rest_route=\/wp\/v2\/posts\/321880\/revisions\/321882"}],"wp:featuredmedia":[{"embeddable":true,"href":"https:\/\/archive.sana.sy\/tr\/index.php?rest_route=\/wp\/v2\/media\/321881"}],"wp:attachment":[{"href":"https:\/\/archive.sana.sy\/tr\/index.php?rest_route=%2Fwp%2Fv2%2Fmedia&parent=321880"}],"wp:term":[{"taxonomy":"category","embeddable":true,"href":"https:\/\/archive.sana.sy\/tr\/index.php?rest_route=%2Fwp%2Fv2%2Fcategories&post=321880"},{"taxonomy":"post_tag","embeddable":true,"href":"https:\/\/archive.sana.sy\/tr\/index.php?rest_route=%2Fwp%2Fv2%2Ftags&post=321880"}],"curies":[{"name":"wp","href":"https:\/\/api.w.org\/{rel}","templated":true}]}}