{"id":321883,"date":"2025-05-25T19:01:42","date_gmt":"2025-05-25T16:01:42","guid":{"rendered":"https:\/\/sana.sy\/tr\/?p=321883"},"modified":"2025-05-25T19:01:42","modified_gmt":"2025-05-25T16:01:42","slug":"yerel-yonetim-ve-cevre-bakani-suriyedeki-alman-ajansi-baskani-ile-ortak-isbirligi-yollarini-gorustu","status":"publish","type":"post","link":"https:\/\/archive.sana.sy\/tr\/?p=321883","title":{"rendered":"Yerel Y\u00f6netim Ve \u00c7evre Bakan\u0131, Suriye&#8217;deki Alman Ajans\u0131 Ba\u015fkan\u0131 \u0130le Ortak \u0130\u015fbirli\u011fi Yollar\u0131n\u0131 G\u00f6r\u00fc\u015ft\u00fc"},"content":{"rendered":"<p style=\"text-align: justify;\"><span style=\"color: #ff0000;\"><strong>\u015eAM (SANA)<\/strong> &#8211;<\/span>\u00a0 Yerel Y\u00f6netim ve \u00c7evre Bakan\u0131 Muhammed Encari, Suriye&#8217;deki Alman Uluslararas\u0131 \u0130\u015fbirli\u011fi Ajans\u0131 (GIZ) Ba\u015fkan\u0131 Tanja Lohmann ve beraberindeki heyetle, ajans\u0131n sundu\u011fu uzmanl\u0131k ve programlardan yararlanarak, ortak planlar temelinde yerinden edilmi\u015f ki\u015filerin ya\u015fad\u0131klar\u0131 b\u00f6lgelere geri d\u00f6n\u00fc\u015flerini kolayla\u015ft\u0131rmak i\u00e7in olas\u0131 i\u015fbirli\u011fi f\u0131rsatlar\u0131n\u0131 g\u00f6r\u00fc\u015ft\u00fc.<\/p>\n<p style=\"text-align: justify;\">Bakan Encari, mevcut a\u015famada \u00f6nceli\u011fin, yerinden edilmi\u015f ki\u015filerin onurlu bir \u015fekilde geri d\u00f6n\u00fc\u015f\u00fcn\u00fc sa\u011flamak i\u00e7in stratejik ve ara olmak \u00fczere iki kanaldan kapsaml\u0131 ve b\u00fct\u00fcnle\u015fik bir veri taban\u0131 sa\u011flamak ve ihtiya\u00e7lar\u0131 belirlemek oldu\u011funu vurgulad\u0131.<\/p>\n<p style=\"text-align: justify;\">Bakan Encari ayr\u0131ca, \u00a0yeniden yap\u0131lanma s\u00fcrecinde kar\u015f\u0131la\u015f\u0131lan en \u00f6nemli zorluklar\u0131n gayrimenkul sahipli\u011fi oldu\u011funu, bu nedenle Alman h\u00fck\u00fcmeti ve GIZ ajans\u0131 ile i\u015fbirli\u011finin ve teknik uzmanl\u0131k payla\u015f\u0131m\u0131n\u0131n \u00f6nemli oldu\u011funu belirtti.<\/p>\n<p style=\"text-align: justify;\">Lohmann ise toplant\u0131n\u0131n amac\u0131n\u0131n, bakanl\u0131\u011f\u0131n yerinden edilmi\u015f ki\u015filerin geri d\u00f6n\u00fc\u015f\u00fcn\u00fc sa\u011flamak i\u00e7in \u00fcstlenece\u011fi in\u015faat ve donan\u0131m planlar\u0131n\u0131 \u00f6\u011frenmek, Suriye h\u00fck\u00fcmetinin ihtiya\u00e7lar\u0131n\u0131 ve Alman ve Suriye uzmanlar\u0131n\u0131n ortakl\u0131\u011f\u0131yla kurumun bunlar\u0131 sa\u011flama olas\u0131l\u0131\u011f\u0131n\u0131 ara\u015ft\u0131rmak oldu\u011funu kaydetti.<\/p>\n","protected":false},"excerpt":{"rendered":"<p>\u015eAM (SANA) &#8211;\u00a0 Yerel Y\u00f6netim ve \u00c7evre Bakan\u0131 Muhammed Encari, Suriye&#8217;deki Alman Uluslararas\u0131 \u0130\u015fbirli\u011fi Ajans\u0131 (GIZ) Ba\u015fkan\u0131 Tanja Lohmann ve beraberindeki heyetle, ajans\u0131n sundu\u011fu uzmanl\u0131k ve programlardan yararlanarak, ortak planlar temelinde yerinden edilmi\u015f ki\u015filerin ya\u015fad\u0131klar\u0131 b\u00f6lgelere geri d\u00f6n\u00fc\u015flerini kolayla\u015ft\u0131rmak i\u00e7in olas\u0131 i\u015fbirli\u011fi f\u0131rsatlar\u0131n\u0131 g\u00f6r\u00fc\u015ft\u00fc. Bakan Encari, mevcut a\u015famada \u00f6nceli\u011fin, yerinden edilmi\u015f ki\u015filerin onurlu bir \u015fekilde &hellip;<\/p>\n","protected":false},"author":41,"featured_media":321884,"comment_status":"closed","ping_status":"closed","sticky":false,"template":"","format":"standard","meta":{"footnotes":""},"categories":[589,479,17988,478],"tags":[],"class_list":["post-321883","post","type-post","status-publish","format-standard","has-post-thumbnail","","category-haber-seridi","category-haberler-yerel","category-son-haberler","category-yerel"],"_links":{"self":[{"href":"https:\/\/archive.sana.sy\/tr\/index.php?rest_route=\/wp\/v2\/posts\/321883","targetHints":{"allow":["GET"]}}],"collection":[{"href":"https:\/\/archive.sana.sy\/tr\/index.php?rest_route=\/wp\/v2\/posts"}],"about":[{"href":"https:\/\/archive.sana.sy\/tr\/index.php?rest_route=\/wp\/v2\/types\/post"}],"author":[{"embeddable":true,"href":"https:\/\/archive.sana.sy\/tr\/index.php?rest_route=\/wp\/v2\/users\/41"}],"replies":[{"embeddable":true,"href":"https:\/\/archive.sana.sy\/tr\/index.php?rest_route=%2Fwp%2Fv2%2Fcomments&post=321883"}],"version-history":[{"count":1,"href":"https:\/\/archive.sana.sy\/tr\/index.php?rest_route=\/wp\/v2\/posts\/321883\/revisions"}],"predecessor-version":[{"id":321885,"href":"https:\/\/archive.sana.sy\/tr\/index.php?rest_route=\/wp\/v2\/posts\/321883\/revisions\/321885"}],"wp:featuredmedia":[{"embeddable":true,"href":"https:\/\/archive.sana.sy\/tr\/index.php?rest_route=\/wp\/v2\/media\/321884"}],"wp:attachment":[{"href":"https:\/\/archive.sana.sy\/tr\/index.php?rest_route=%2Fwp%2Fv2%2Fmedia&parent=321883"}],"wp:term":[{"taxonomy":"category","embeddable":true,"href":"https:\/\/archive.sana.sy\/tr\/index.php?rest_route=%2Fwp%2Fv2%2Fcategories&post=321883"},{"taxonomy":"post_tag","embeddable":true,"href":"https:\/\/archive.sana.sy\/tr\/index.php?rest_route=%2Fwp%2Fv2%2Ftags&post=321883"}],"curies":[{"name":"wp","href":"https:\/\/api.w.org\/{rel}","templated":true}]}}