{"id":321890,"date":"2025-05-26T09:19:51","date_gmt":"2025-05-26T06:19:51","guid":{"rendered":"https:\/\/sana.sy\/tr\/?p=321890"},"modified":"2025-05-26T09:19:51","modified_gmt":"2025-05-26T06:19:51","slug":"kuveyt-disisleri-bakani-suriyede-guvenlik-ve-istikrari-saglamayi-amaclayan-cabalara-destegini-teyit-etti","status":"publish","type":"post","link":"https:\/\/archive.sana.sy\/tr\/?p=321890","title":{"rendered":"Kuveyt D\u0131\u015fi\u015fleri Bakan\u0131, Suriye&#8217;de G\u00fcvenlik ve \u0130stikrar\u0131 Sa\u011flamay\u0131 Ama\u00e7layan \u00c7abalara Deste\u011fini Teyit Etti"},"content":{"rendered":"<p style=\"text-align: justify;\"><span style=\"color: #ff0000;\"><strong>KUALA LAMPUR (SANA)<\/strong> &#8211;<\/span> Kuveyt D\u0131\u015fi\u015fleri Bakan\u0131 Abdullah El Yahya, Suriye&#8217;nin g\u00fcvenli\u011fi ve istikrar\u0131n\u0131 sa\u011flamay\u0131 ve \u00fclkenin egemenli\u011fini ve toprak b\u00fct\u00fcnl\u00fc\u011f\u00fcn\u00fc korumay\u0131 ama\u00e7layan \u00e7abalara \u00fclkesinin deste\u011fini teyit etti.<\/p>\n<p style=\"text-align: justify;\">Kuveyt Haber Ajans\u0131 &#8220;KUNA&#8221;, Bakan El Yahya&#8217;n\u0131n, Malezya&#8217;n\u0131n ba\u015fkenti Kuala Lumpur&#8217;da d\u00fczenlenen K\u00f6rfez \u0130\u015fbirli\u011fi Konseyi &#8220;K\u0130K&#8221; ve G\u00fcneydo\u011fu Asya \u00dclkeleri Birli\u011fi &#8220;ASEAN&#8221; d\u0131\u015fi\u015fleri bakanlar\u0131 d\u00fczeyindeki toplant\u0131da Suriye&#8217;deki olumlu geli\u015fmeleri memnuniyetle kar\u015f\u0131lad\u0131\u011f\u0131n\u0131 bildirdi.<\/p>\n<p style=\"text-align: justify;\">Bakan El Yahya, &#8220;Suriye&#8217;nin g\u00fcvenli\u011fi ve istikrar\u0131n\u0131 sa\u011flamay\u0131, egemenli\u011fini ve toprak b\u00fct\u00fcnl\u00fc\u011f\u00fcn\u00fc korumay\u0131, Suriye halk\u0131n\u0131n g\u00fcvenli\u011fini yeniden sa\u011flamas\u0131n\u0131 ve daha iyi bir gelecek in\u015fa etmesini ama\u00e7layan \u00e7abalara desteliyoruz&#8221; dedi.<\/p>\n","protected":false},"excerpt":{"rendered":"<p>KUALA LAMPUR (SANA) &#8211; Kuveyt D\u0131\u015fi\u015fleri Bakan\u0131 Abdullah El Yahya, Suriye&#8217;nin g\u00fcvenli\u011fi ve istikrar\u0131n\u0131 sa\u011flamay\u0131 ve \u00fclkenin egemenli\u011fini ve toprak b\u00fct\u00fcnl\u00fc\u011f\u00fcn\u00fc korumay\u0131 ama\u00e7layan \u00e7abalara \u00fclkesinin deste\u011fini teyit etti. Kuveyt Haber Ajans\u0131 &#8220;KUNA&#8221;, Bakan El Yahya&#8217;n\u0131n, Malezya&#8217;n\u0131n ba\u015fkenti Kuala Lumpur&#8217;da d\u00fczenlenen K\u00f6rfez \u0130\u015fbirli\u011fi Konseyi &#8220;K\u0130K&#8221; ve G\u00fcneydo\u011fu Asya \u00dclkeleri Birli\u011fi &#8220;ASEAN&#8221; d\u0131\u015fi\u015fleri bakanlar\u0131 d\u00fczeyindeki toplant\u0131da Suriye&#8217;deki &hellip;<\/p>\n","protected":false},"author":36,"featured_media":321891,"comment_status":"closed","ping_status":"closed","sticky":false,"template":"","format":"standard","meta":{"footnotes":""},"categories":[458,589,459,17988],"tags":[],"class_list":["post-321890","post","type-post","status-publish","format-standard","has-post-thumbnail","","category-dunya1","category-haber-seridi","category-haberler-arap-uluslararasi-politika","category-son-haberler"],"_links":{"self":[{"href":"https:\/\/archive.sana.sy\/tr\/index.php?rest_route=\/wp\/v2\/posts\/321890","targetHints":{"allow":["GET"]}}],"collection":[{"href":"https:\/\/archive.sana.sy\/tr\/index.php?rest_route=\/wp\/v2\/posts"}],"about":[{"href":"https:\/\/archive.sana.sy\/tr\/index.php?rest_route=\/wp\/v2\/types\/post"}],"author":[{"embeddable":true,"href":"https:\/\/archive.sana.sy\/tr\/index.php?rest_route=\/wp\/v2\/users\/36"}],"replies":[{"embeddable":true,"href":"https:\/\/archive.sana.sy\/tr\/index.php?rest_route=%2Fwp%2Fv2%2Fcomments&post=321890"}],"version-history":[{"count":1,"href":"https:\/\/archive.sana.sy\/tr\/index.php?rest_route=\/wp\/v2\/posts\/321890\/revisions"}],"predecessor-version":[{"id":321892,"href":"https:\/\/archive.sana.sy\/tr\/index.php?rest_route=\/wp\/v2\/posts\/321890\/revisions\/321892"}],"wp:featuredmedia":[{"embeddable":true,"href":"https:\/\/archive.sana.sy\/tr\/index.php?rest_route=\/wp\/v2\/media\/321891"}],"wp:attachment":[{"href":"https:\/\/archive.sana.sy\/tr\/index.php?rest_route=%2Fwp%2Fv2%2Fmedia&parent=321890"}],"wp:term":[{"taxonomy":"category","embeddable":true,"href":"https:\/\/archive.sana.sy\/tr\/index.php?rest_route=%2Fwp%2Fv2%2Fcategories&post=321890"},{"taxonomy":"post_tag","embeddable":true,"href":"https:\/\/archive.sana.sy\/tr\/index.php?rest_route=%2Fwp%2Fv2%2Ftags&post=321890"}],"curies":[{"name":"wp","href":"https:\/\/api.w.org\/{rel}","templated":true}]}}