{"id":321896,"date":"2025-05-26T11:58:55","date_gmt":"2025-05-26T08:58:55","guid":{"rendered":"https:\/\/sana.sy\/tr\/?p=321896"},"modified":"2025-05-26T11:58:55","modified_gmt":"2025-05-26T08:58:55","slug":"maliye-bakanligi-dunya-gida-programi-ile-ortak-isbirliginin-artirilmasi-yollarini-gorustu","status":"publish","type":"post","link":"https:\/\/archive.sana.sy\/tr\/?p=321896","title":{"rendered":"Maliye Bakanl\u0131\u011f\u0131, D\u00fcnya G\u0131da Program\u0131 \u0130le Ortak \u0130\u015fbirli\u011finin Art\u0131r\u0131lmas\u0131 Yollar\u0131n\u0131 G\u00f6r\u00fc\u015ft\u00fc"},"content":{"rendered":"<p style=\"text-align: justify;\"><span style=\"color: #ff0000;\"><strong>\u015eAM (SANA)<\/strong> &#8211;<\/span>\u00a0 \u00a0Maliye Bakan\u0131 Muhammed Yusur Berniye, D\u00fcnya G\u0131da Program\u0131 \u00dclke Direkt\u00f6r\u00fc Marianne Ward ve beraberindeki heyet ile Suriye ile program aras\u0131ndaki i\u015f birli\u011finin art\u0131r\u0131lmas\u0131 ve geli\u015ftirilmesinin yollar\u0131n\u0131 g\u00f6r\u00fc\u015ft\u00fc.<\/p>\n<p style=\"text-align: justify;\">Maliye Bakan\u0131, Ward ile bakanl\u0131k merkezinde yapt\u0131\u011f\u0131 g\u00f6r\u00fc\u015fmede, Suriye&#8217;nin yard\u0131m \u00e7abalar\u0131n\u0131n \u00f6tesine ge\u00e7en, iyile\u015fme, dayan\u0131kl\u0131l\u0131k ve uzun vadeli istikrara odaklanan, Suriye&#8217;nin krizden f\u0131rsata, par\u00e7alanm\u0131\u015fl\u0131ktan b\u00fct\u00fcnl\u00fc\u011fe ge\u00e7i\u015fini destekleyen bir ortakl\u0131k kurmay\u0131 hedefledi\u011fini belirtti.<\/p>\n<p style=\"text-align: justify;\">Bakan Berniye, program\u0131n Suriye i\u00e7inde tam kapasiteyle \u00e7al\u0131\u015fmaya devam etme kararl\u0131l\u0131\u011f\u0131ndan dolay\u0131 minnettarl\u0131\u011f\u0131n\u0131 dile getirirken, Suriyelilerin art\u0131k eski rejim d\u00f6nemindeki gibi bir hayatta kalma m\u00fccadelesi vermedi\u011fini, bu \u00fclkenin kendilerine ait oldu\u011funu hissetmeye ba\u015flad\u0131klar\u0131n\u0131 belirtti.<\/p>\n<p style=\"text-align: justify;\">Ward ise D\u00fcnya G\u0131da Program\u0131&#8217;n\u0131n, yaln\u0131zca insani yard\u0131mlar konusunda de\u011fil, ayn\u0131 zamanda Suriye&#8217;yi gelece\u011fe ta\u015f\u0131yacak sistemlerin yeniden in\u015fas\u0131 konusunda da Suriye&#8217;nin yan\u0131nda durmaya kararl\u0131 oldu\u011funu kaydetti.<\/p>\n<p style=\"text-align: justify;\">g\u00f6r\u00fc\u015fmede, yard\u0131ma en \u00e7ok ihtiya\u00e7 duyanlara destek olmak i\u00e7in g\u00fc\u00e7l\u00fc ulusal sistemler in\u015fa etme, iyi i\u015fleyen bir sosyal g\u00fcvenlik a\u011f\u0131 olu\u015fturma ve sa\u011fl\u0131k, e\u011fitim ve tar\u0131m sekt\u00f6rlerinde temel kamu hizmetlerini yeniden sa\u011flama mekanizmalar\u0131n\u0131n yan\u0131 s\u0131ra ailelerin onurlu bir \u015fekilde ya\u015famas\u0131n\u0131, \u00e7ift\u00e7ilerin \u00fcretmesini, \u00e7ocuklar\u0131n \u00f6\u011frenmesini ve yerel topluluklar\u0131n geli\u015fmesini sa\u011flayacak ekonomik istikrar ele al\u0131nd\u0131.<\/p>\n<p style=\"text-align: justify;\">Taraflar, toplumun en savunmas\u0131z kesimlerini tespit edip onlara hizmet sunmak amac\u0131yla s\u00fcrd\u00fcr\u00fclebilir bir Suriye liderli\u011findeki veri ve hizmet plan\u0131n\u0131n geli\u015ftirilmesine kat\u0131lmak \u00fczere, aralar\u0131nda kilit bakanl\u0131klar, D\u00fcnya G\u0131da Program\u0131 ve D\u00fcnya Bankas\u0131 ile Alman Uluslararas\u0131 \u0130\u015fbirli\u011fi Ajans\u0131 gibi ortaklar\u0131n da yer ald\u0131\u011f\u0131 ulusal bir \u00e7al\u0131\u015fma grubu kurulmas\u0131 konusunda anla\u015ft\u0131.<\/p>\n","protected":false},"excerpt":{"rendered":"<p>\u015eAM (SANA) &#8211;\u00a0 \u00a0Maliye Bakan\u0131 Muhammed Yusur Berniye, D\u00fcnya G\u0131da Program\u0131 \u00dclke Direkt\u00f6r\u00fc Marianne Ward ve beraberindeki heyet ile Suriye ile program aras\u0131ndaki i\u015f birli\u011finin art\u0131r\u0131lmas\u0131 ve geli\u015ftirilmesinin yollar\u0131n\u0131 g\u00f6r\u00fc\u015ft\u00fc. Maliye Bakan\u0131, Ward ile bakanl\u0131k merkezinde yapt\u0131\u011f\u0131 g\u00f6r\u00fc\u015fmede, Suriye&#8217;nin yard\u0131m \u00e7abalar\u0131n\u0131n \u00f6tesine ge\u00e7en, iyile\u015fme, dayan\u0131kl\u0131l\u0131k ve uzun vadeli istikrara odaklanan, Suriye&#8217;nin krizden f\u0131rsata, par\u00e7alanm\u0131\u015fl\u0131ktan b\u00fct\u00fcnl\u00fc\u011fe &hellip;<\/p>\n","protected":false},"author":36,"featured_media":321897,"comment_status":"closed","ping_status":"closed","sticky":false,"template":"","format":"standard","meta":{"footnotes":""},"categories":[589,479,17988,478],"tags":[],"class_list":["post-321896","post","type-post","status-publish","format-standard","has-post-thumbnail","","category-haber-seridi","category-haberler-yerel","category-son-haberler","category-yerel"],"_links":{"self":[{"href":"https:\/\/archive.sana.sy\/tr\/index.php?rest_route=\/wp\/v2\/posts\/321896","targetHints":{"allow":["GET"]}}],"collection":[{"href":"https:\/\/archive.sana.sy\/tr\/index.php?rest_route=\/wp\/v2\/posts"}],"about":[{"href":"https:\/\/archive.sana.sy\/tr\/index.php?rest_route=\/wp\/v2\/types\/post"}],"author":[{"embeddable":true,"href":"https:\/\/archive.sana.sy\/tr\/index.php?rest_route=\/wp\/v2\/users\/36"}],"replies":[{"embeddable":true,"href":"https:\/\/archive.sana.sy\/tr\/index.php?rest_route=%2Fwp%2Fv2%2Fcomments&post=321896"}],"version-history":[{"count":1,"href":"https:\/\/archive.sana.sy\/tr\/index.php?rest_route=\/wp\/v2\/posts\/321896\/revisions"}],"predecessor-version":[{"id":321898,"href":"https:\/\/archive.sana.sy\/tr\/index.php?rest_route=\/wp\/v2\/posts\/321896\/revisions\/321898"}],"wp:featuredmedia":[{"embeddable":true,"href":"https:\/\/archive.sana.sy\/tr\/index.php?rest_route=\/wp\/v2\/media\/321897"}],"wp:attachment":[{"href":"https:\/\/archive.sana.sy\/tr\/index.php?rest_route=%2Fwp%2Fv2%2Fmedia&parent=321896"}],"wp:term":[{"taxonomy":"category","embeddable":true,"href":"https:\/\/archive.sana.sy\/tr\/index.php?rest_route=%2Fwp%2Fv2%2Fcategories&post=321896"},{"taxonomy":"post_tag","embeddable":true,"href":"https:\/\/archive.sana.sy\/tr\/index.php?rest_route=%2Fwp%2Fv2%2Ftags&post=321896"}],"curies":[{"name":"wp","href":"https:\/\/api.w.org\/{rel}","templated":true}]}}