{"id":321958,"date":"2025-05-27T10:40:54","date_gmt":"2025-05-27T07:40:54","guid":{"rendered":"https:\/\/sana.sy\/tr\/?p=321958"},"modified":"2025-05-27T17:16:13","modified_gmt":"2025-05-27T14:16:13","slug":"sam-valisi-uluslararasi-hatib-alami-sirketinden-gelen-bir-heyetle-gorustu","status":"publish","type":"post","link":"https:\/\/archive.sana.sy\/tr\/?p=321958","title":{"rendered":"\u015eam Valisi, Uluslararas\u0131 &#8220;Hatib &#038; Alami&#8221; \u015eirketinden Gelen Bir Heyetle G\u00f6r\u00fc\u015ft\u00fc"},"content":{"rendered":"<p style=\"text-align: justify;\"><span style=\"color: #ff0000;\"><strong>\u015eAM (SANA)<\/strong> <\/span>&#8211;\u00a0 \u015eam Valisi Maher Mervan, uluslararas\u0131 &#8220;Khatib &amp; Alami&#8221; \u015firketinin CEO&#8217;su ve Y\u00f6netim Kurulu Ba\u015fkan\u0131\u00a0 Nacib El Hatib ba\u015fkanl\u0131\u011f\u0131ndaki bir heyetle \u015fehir planlamas\u0131, ula\u015f\u0131m, yeniden yap\u0131lanma, altyap\u0131 ve ak\u0131ll\u0131 \u015fehirler konular\u0131n\u0131 g\u00f6r\u00fc\u015ft\u00fc.<\/p>\n<p style=\"text-align: justify;\">Marvan, yak\u0131n gelecekte iki taraf aras\u0131nda kapsaml\u0131 bir mutabakat zapt\u0131n\u0131n imzalanmas\u0131 haz\u0131rl\u0131klar\u0131 kapsam\u0131nda prosed\u00fcrlerin h\u0131zland\u0131r\u0131lmas\u0131 ve do\u011frudan ileti\u015fim ve \u00e7al\u0131\u015ftaylar\u0131n yo\u011funla\u015ft\u0131r\u0131lmas\u0131 \u00e7a\u011fr\u0131s\u0131nda bulundu.<\/p>\n<p style=\"text-align: justify;\">El Hatib ise \u015firketin, valili\u011fin \u00e7abalar\u0131n\u0131 desteklemeye ve somut bir kalk\u0131nma etkisi yaratacak ileri vizyonlar ve uygulama planlar\u0131 sa\u011flamaya haz\u0131r oldu\u011funu dile getirdi.<\/p>\n<p style=\"text-align: justify;\">Toplant\u0131, \u015eam Valili\u011fi&#8217;nin kentsel planlamada niteliksel bir de\u011fi\u015fim sa\u011flamak ve dengeli kentsel geli\u015fimi te\u015fvik etmek amac\u0131yla \u00f6zel sekt\u00f6rle ortakl\u0131klar\u0131 g\u00fc\u00e7lendirme ve \u00f6nde gelen uluslararas\u0131 uzmanl\u0131klara a\u00e7\u0131lma vizyonunun bir par\u00e7as\u0131 olarak ger\u00e7ekle\u015fiyor.<\/p>\n","protected":false},"excerpt":{"rendered":"<p>\u015eAM (SANA) &#8211;\u00a0 \u015eam Valisi Maher Mervan, uluslararas\u0131 &#8220;Khatib &amp; Alami&#8221; \u015firketinin CEO&#8217;su ve Y\u00f6netim Kurulu Ba\u015fkan\u0131\u00a0 Nacib El Hatib ba\u015fkanl\u0131\u011f\u0131ndaki bir heyetle \u015fehir planlamas\u0131, ula\u015f\u0131m, yeniden yap\u0131lanma, altyap\u0131 ve ak\u0131ll\u0131 \u015fehirler konular\u0131n\u0131 g\u00f6r\u00fc\u015ft\u00fc. Marvan, yak\u0131n gelecekte iki taraf aras\u0131nda kapsaml\u0131 bir mutabakat zapt\u0131n\u0131n imzalanmas\u0131 haz\u0131rl\u0131klar\u0131 kapsam\u0131nda prosed\u00fcrlerin h\u0131zland\u0131r\u0131lmas\u0131 ve do\u011frudan ileti\u015fim ve \u00e7al\u0131\u015ftaylar\u0131n yo\u011funla\u015ft\u0131r\u0131lmas\u0131 &hellip;<\/p>\n","protected":false},"author":36,"featured_media":321959,"comment_status":"closed","ping_status":"closed","sticky":false,"template":"","format":"standard","meta":{"footnotes":""},"categories":[589,479,17988,478],"tags":[],"class_list":["post-321958","post","type-post","status-publish","format-standard","has-post-thumbnail","","category-haber-seridi","category-haberler-yerel","category-son-haberler","category-yerel"],"_links":{"self":[{"href":"https:\/\/archive.sana.sy\/tr\/index.php?rest_route=\/wp\/v2\/posts\/321958","targetHints":{"allow":["GET"]}}],"collection":[{"href":"https:\/\/archive.sana.sy\/tr\/index.php?rest_route=\/wp\/v2\/posts"}],"about":[{"href":"https:\/\/archive.sana.sy\/tr\/index.php?rest_route=\/wp\/v2\/types\/post"}],"author":[{"embeddable":true,"href":"https:\/\/archive.sana.sy\/tr\/index.php?rest_route=\/wp\/v2\/users\/36"}],"replies":[{"embeddable":true,"href":"https:\/\/archive.sana.sy\/tr\/index.php?rest_route=%2Fwp%2Fv2%2Fcomments&post=321958"}],"version-history":[{"count":2,"href":"https:\/\/archive.sana.sy\/tr\/index.php?rest_route=\/wp\/v2\/posts\/321958\/revisions"}],"predecessor-version":[{"id":321998,"href":"https:\/\/archive.sana.sy\/tr\/index.php?rest_route=\/wp\/v2\/posts\/321958\/revisions\/321998"}],"wp:featuredmedia":[{"embeddable":true,"href":"https:\/\/archive.sana.sy\/tr\/index.php?rest_route=\/wp\/v2\/media\/321959"}],"wp:attachment":[{"href":"https:\/\/archive.sana.sy\/tr\/index.php?rest_route=%2Fwp%2Fv2%2Fmedia&parent=321958"}],"wp:term":[{"taxonomy":"category","embeddable":true,"href":"https:\/\/archive.sana.sy\/tr\/index.php?rest_route=%2Fwp%2Fv2%2Fcategories&post=321958"},{"taxonomy":"post_tag","embeddable":true,"href":"https:\/\/archive.sana.sy\/tr\/index.php?rest_route=%2Fwp%2Fv2%2Ftags&post=321958"}],"curies":[{"name":"wp","href":"https:\/\/api.w.org\/{rel}","templated":true}]}}