{"id":321964,"date":"2025-05-27T11:10:21","date_gmt":"2025-05-27T08:10:21","guid":{"rendered":"https:\/\/sana.sy\/tr\/?p=321964"},"modified":"2025-05-27T17:20:10","modified_gmt":"2025-05-27T14:20:10","slug":"kuveyt-veliaht-prensi-korfez-isbirligi-konseyi-suriyedeki-olumlu-gelismeleri-memnuniyetle-karsiladi","status":"publish","type":"post","link":"https:\/\/archive.sana.sy\/tr\/?p=321964","title":{"rendered":"Kuveyt Veliaht Prensi: K\u00f6rfez \u0130\u015fbirli\u011fi Konseyi, Suriye&#8217;deki Olumlu Geli\u015fmeleri Memnuniyetle Kar\u015f\u0131lad\u0131"},"content":{"rendered":"<p style=\"text-align: justify;\"><span style=\"color: #ff0000;\"><strong>KUALA LUMPUR (SANA)<\/strong> <\/span>&#8211; Kuveyt Veliaht Prensi \u015eeyh Sabah Khaled El Hamad El Sabah, K\u00f6rfez \u0130\u015fbirli\u011fi Konseyi&#8217;nin Suriye&#8217;deki olumlu geli\u015fmeleri memnuniyetle kar\u015f\u0131lad\u0131\u011f\u0131n\u0131 ve orada istikrar\u0131n sa\u011flanmas\u0131, egemenli\u011finin ve toprak b\u00fct\u00fcnl\u00fc\u011f\u00fcn\u00fcn korunmas\u0131 y\u00f6n\u00fcndeki \u00e7abalar\u0131 destekledi\u011fini belirtti.<\/p>\n<p style=\"text-align: justify;\">Kuveyt Haber Ajans\u0131&#8217;n\u0131n &#8220;KUNA&#8221; aktard\u0131\u011f\u0131na g\u00f6re, bug\u00fcn Malezya&#8217;n\u0131n ba\u015fkenti Kuala Lumpur&#8217;da d\u00fczenlenen K\u00f6rfez \u0130\u015fbirli\u011fi Konseyi ile G\u00fcneydo\u011fu Asya \u00dclkeleri Birli\u011fi &#8220;ASEAN&#8221; \u00fclkeleri aras\u0131ndaki ikinci zirvede yapt\u0131\u011f\u0131 konu\u015fmada Veliaht Prens, &#8220;K\u00f6rfez \u0130\u015fbirli\u011fi Konseyi \u00fclkeleri, Suriye&#8217;de ya\u015fanan olumlu geli\u015fmeleri memnuniyetle kar\u015f\u0131l\u0131yor ve Suriye&#8217;nin egemenli\u011fini ve toprak b\u00fct\u00fcnl\u00fc\u011f\u00fcn\u00fc koruyarak, karde\u015f Suriye halk\u0131n\u0131n g\u00fcvenli\u011fini ve istikrar\u0131n\u0131 sa\u011flayarak, kalk\u0131nma ve refah i\u00e7in umutlar a\u00e7arak g\u00fcvenlik ve istikrar\u0131n sa\u011flanmas\u0131n\u0131 ama\u00e7layan t\u00fcm \u00e7abalara desteklerini teyit ediyor&#8221; dedi.<\/p>\n<p style=\"text-align: justify;\">Kuveyt Veliaht Prensi, Filistin meselesine ili\u015fkin olarak uluslararas\u0131 toplumu hukuki ve ahlaki sorumluluklar\u0131n\u0131 \u00fcstlenmeye, Gazze \u015eeridi&#8217;ne y\u00f6nelik \u0130srail sald\u0131r\u0131lar\u0131n\u0131n durdurulmas\u0131 ve Filistin davas\u0131yla ilgili uluslararas\u0131 kararlar\u0131n uygulanmas\u0131 i\u00e7in gerekli bask\u0131y\u0131 yapmaya \u00e7a\u011f\u0131rd\u0131.<\/p>\n","protected":false},"excerpt":{"rendered":"<p>KUALA LUMPUR (SANA) &#8211; Kuveyt Veliaht Prensi \u015eeyh Sabah Khaled El Hamad El Sabah, K\u00f6rfez \u0130\u015fbirli\u011fi Konseyi&#8217;nin Suriye&#8217;deki olumlu geli\u015fmeleri memnuniyetle kar\u015f\u0131lad\u0131\u011f\u0131n\u0131 ve orada istikrar\u0131n sa\u011flanmas\u0131, egemenli\u011finin ve toprak b\u00fct\u00fcnl\u00fc\u011f\u00fcn\u00fcn korunmas\u0131 y\u00f6n\u00fcndeki \u00e7abalar\u0131 destekledi\u011fini belirtti. Kuveyt Haber Ajans\u0131&#8217;n\u0131n &#8220;KUNA&#8221; aktard\u0131\u011f\u0131na g\u00f6re, bug\u00fcn Malezya&#8217;n\u0131n ba\u015fkenti Kuala Lumpur&#8217;da d\u00fczenlenen K\u00f6rfez \u0130\u015fbirli\u011fi Konseyi ile G\u00fcneydo\u011fu Asya \u00dclkeleri Birli\u011fi &hellip;<\/p>\n","protected":false},"author":36,"featured_media":321965,"comment_status":"closed","ping_status":"closed","sticky":false,"template":"","format":"standard","meta":{"footnotes":""},"categories":[458,589,459,17988],"tags":[],"class_list":["post-321964","post","type-post","status-publish","format-standard","has-post-thumbnail","","category-dunya1","category-haber-seridi","category-haberler-arap-uluslararasi-politika","category-son-haberler"],"_links":{"self":[{"href":"https:\/\/archive.sana.sy\/tr\/index.php?rest_route=\/wp\/v2\/posts\/321964","targetHints":{"allow":["GET"]}}],"collection":[{"href":"https:\/\/archive.sana.sy\/tr\/index.php?rest_route=\/wp\/v2\/posts"}],"about":[{"href":"https:\/\/archive.sana.sy\/tr\/index.php?rest_route=\/wp\/v2\/types\/post"}],"author":[{"embeddable":true,"href":"https:\/\/archive.sana.sy\/tr\/index.php?rest_route=\/wp\/v2\/users\/36"}],"replies":[{"embeddable":true,"href":"https:\/\/archive.sana.sy\/tr\/index.php?rest_route=%2Fwp%2Fv2%2Fcomments&post=321964"}],"version-history":[{"count":2,"href":"https:\/\/archive.sana.sy\/tr\/index.php?rest_route=\/wp\/v2\/posts\/321964\/revisions"}],"predecessor-version":[{"id":321999,"href":"https:\/\/archive.sana.sy\/tr\/index.php?rest_route=\/wp\/v2\/posts\/321964\/revisions\/321999"}],"wp:featuredmedia":[{"embeddable":true,"href":"https:\/\/archive.sana.sy\/tr\/index.php?rest_route=\/wp\/v2\/media\/321965"}],"wp:attachment":[{"href":"https:\/\/archive.sana.sy\/tr\/index.php?rest_route=%2Fwp%2Fv2%2Fmedia&parent=321964"}],"wp:term":[{"taxonomy":"category","embeddable":true,"href":"https:\/\/archive.sana.sy\/tr\/index.php?rest_route=%2Fwp%2Fv2%2Fcategories&post=321964"},{"taxonomy":"post_tag","embeddable":true,"href":"https:\/\/archive.sana.sy\/tr\/index.php?rest_route=%2Fwp%2Fv2%2Ftags&post=321964"}],"curies":[{"name":"wp","href":"https:\/\/api.w.org\/{rel}","templated":true}]}}