{"id":321967,"date":"2025-05-27T11:58:43","date_gmt":"2025-05-27T08:58:43","guid":{"rendered":"https:\/\/sana.sy\/tr\/?p=321967"},"modified":"2025-05-27T17:24:47","modified_gmt":"2025-05-27T14:24:47","slug":"urdun-muteahhitler-birligi-suriyeli-meslektaslarimizla-ortaklik-kurmak-istiyoruz","status":"publish","type":"post","link":"https:\/\/archive.sana.sy\/tr\/?p=321967","title":{"rendered":"\u00dcrd\u00fcn M\u00fcteahhitler Birli\u011fi: Suriyeli Meslekta\u015flar\u0131m\u0131zla Ortakl\u0131k Kurmak \u0130stiyoruz"},"content":{"rendered":"<p style=\"text-align: justify;\"><span style=\"color: #ff0000;\"><strong>AMMAN (SANA)<\/strong> <\/span>&#8211; \u00dcrd\u00fcn M\u00fcteahhitler Birli\u011fi, Suriye&#8217;nin yeniden in\u015fas\u0131na kat\u0131lma ve Suriye ile \u00dcrd\u00fcn halklar\u0131n\u0131n \u00e7\u0131karlar\u0131na hizmet eden ve b\u00f6lgede kapsaml\u0131 kalk\u0131nmay\u0131 art\u0131ran ortak projeler olu\u015fturma konusundaki isteklili\u011fini dile getirdi.<\/p>\n<p style=\"text-align: justify;\">M\u00fcteahhitler Sendikas\u0131 Ba\u015fkan\u0131 Fuad El Duveyri, \u00dcrd\u00fcnl\u00fc m\u00fcteahhitlerin Suriye&#8217;deki muadilleriyle i\u015f birli\u011fi ve koordinasyonu art\u0131rma konusunda g\u00fc\u00e7l\u00fc bir arzuya sahip oldu\u011funu belirtti.<\/p>\n<p style=\"text-align: justify;\">El Duveyri ayr\u0131ca, \u00dcrd\u00fcn in\u015faat sekt\u00f6r\u00fcn\u00fcn altyap\u0131dan konutlara, enerjiden suya kadar bir\u00e7ok alanda g\u00fcncel ihtiya\u00e7lara uygun nitelikli ve stratejik projelere imza atmaya imk\u00e2n veren \u00f6nemli temellere sahip oldu\u011funu belirtti<\/p>\n<p style=\"text-align: justify;\">Duveyri, iki \u00fclkedeki m\u00fcteahhit sendikalar\u0131 aras\u0131nda ortak bir teknik komitenin harekete ge\u00e7irilerek olu\u015fturulmas\u0131, lojistik prosed\u00fcrleri kolayla\u015ft\u0131racak bir yol haritas\u0131 haz\u0131rlanmas\u0131 ve taraflar\u0131 birbirine ba\u011flayacak \u00e7al\u0131\u015fmalar yap\u0131lmas\u0131 gerekti\u011fini b\u00f6ylece i\u015fin engelsiz ve sorunsuz bir \u015fekilde ilerlemesine katk\u0131 sa\u011flanmas\u0131 gerekti\u011fini vurgulad\u0131.<\/p>\n","protected":false},"excerpt":{"rendered":"<p>AMMAN (SANA) &#8211; \u00dcrd\u00fcn M\u00fcteahhitler Birli\u011fi, Suriye&#8217;nin yeniden in\u015fas\u0131na kat\u0131lma ve Suriye ile \u00dcrd\u00fcn halklar\u0131n\u0131n \u00e7\u0131karlar\u0131na hizmet eden ve b\u00f6lgede kapsaml\u0131 kalk\u0131nmay\u0131 art\u0131ran ortak projeler olu\u015fturma konusundaki isteklili\u011fini dile getirdi. M\u00fcteahhitler Sendikas\u0131 Ba\u015fkan\u0131 Fuad El Duveyri, \u00dcrd\u00fcnl\u00fc m\u00fcteahhitlerin Suriye&#8217;deki muadilleriyle i\u015f birli\u011fi ve koordinasyonu art\u0131rma konusunda g\u00fc\u00e7l\u00fc bir arzuya sahip oldu\u011funu belirtti. El Duveyri ayr\u0131ca, &hellip;<\/p>\n","protected":false},"author":36,"featured_media":321968,"comment_status":"closed","ping_status":"closed","sticky":false,"template":"","format":"standard","meta":{"footnotes":""},"categories":[458,589,459,17988],"tags":[],"class_list":["post-321967","post","type-post","status-publish","format-standard","has-post-thumbnail","","category-dunya1","category-haber-seridi","category-haberler-arap-uluslararasi-politika","category-son-haberler"],"_links":{"self":[{"href":"https:\/\/archive.sana.sy\/tr\/index.php?rest_route=\/wp\/v2\/posts\/321967","targetHints":{"allow":["GET"]}}],"collection":[{"href":"https:\/\/archive.sana.sy\/tr\/index.php?rest_route=\/wp\/v2\/posts"}],"about":[{"href":"https:\/\/archive.sana.sy\/tr\/index.php?rest_route=\/wp\/v2\/types\/post"}],"author":[{"embeddable":true,"href":"https:\/\/archive.sana.sy\/tr\/index.php?rest_route=\/wp\/v2\/users\/36"}],"replies":[{"embeddable":true,"href":"https:\/\/archive.sana.sy\/tr\/index.php?rest_route=%2Fwp%2Fv2%2Fcomments&post=321967"}],"version-history":[{"count":2,"href":"https:\/\/archive.sana.sy\/tr\/index.php?rest_route=\/wp\/v2\/posts\/321967\/revisions"}],"predecessor-version":[{"id":322000,"href":"https:\/\/archive.sana.sy\/tr\/index.php?rest_route=\/wp\/v2\/posts\/321967\/revisions\/322000"}],"wp:featuredmedia":[{"embeddable":true,"href":"https:\/\/archive.sana.sy\/tr\/index.php?rest_route=\/wp\/v2\/media\/321968"}],"wp:attachment":[{"href":"https:\/\/archive.sana.sy\/tr\/index.php?rest_route=%2Fwp%2Fv2%2Fmedia&parent=321967"}],"wp:term":[{"taxonomy":"category","embeddable":true,"href":"https:\/\/archive.sana.sy\/tr\/index.php?rest_route=%2Fwp%2Fv2%2Fcategories&post=321967"},{"taxonomy":"post_tag","embeddable":true,"href":"https:\/\/archive.sana.sy\/tr\/index.php?rest_route=%2Fwp%2Fv2%2Ftags&post=321967"}],"curies":[{"name":"wp","href":"https:\/\/api.w.org\/{rel}","templated":true}]}}