{"id":32197,"date":"2015-05-05T16:59:56","date_gmt":"2015-05-05T13:59:56","guid":{"rendered":"http:\/\/sana.sy\/tr\/?p=32197"},"modified":"2015-05-05T16:59:56","modified_gmt":"2015-05-05T13:59:56","slug":"suriyede-halklar-ve-inanclar-katlediliyor","status":"publish","type":"post","link":"https:\/\/archive.sana.sy\/tr\/?p=32197","title":{"rendered":"Suriye\u2019de Halklar ve \u0130nan\u00e7lar Katlediliyor"},"content":{"rendered":"<p>TARSUS \u2013 T\u00fcrkiye&#8217;de rejimin Suriye&#8217;de destekledi\u011fi radikal ve hain ter\u00f6r \u00f6rg\u00fctlerin katliamlar\u0131 ve AKP iktidar\u0131 taraf\u0131ndan ald\u0131\u011f\u0131 deste\u011fi k\u0131nayan halk g\u00f6sterileri devam ediyor.<\/p>\n<p>Sendika org web haber sitesinin aktard\u0131\u011f\u0131 haberde Tarsus Emek ve Demokrasi G\u00fc\u00e7leri, radikal \u00e7etelerin birka\u00e7 g\u00fcn \u00f6nce \u0130dlib k\u0131rsal\u0131nda T\u00fcrkiye s\u0131n\u0131rlar\u0131na yak\u0131n \u0130\u015ftebrak Beldesinde ger\u00e7ekle\u015ftirdi\u011fi katliama kar\u015f\u0131 y\u00fcr\u00fcy\u00fc\u015f d\u00fczenledi.<\/p>\n<p>Tarsuslular, \u201cSuriye\u2019de halklar ve inan\u00e7lar katlediliyor. Sessiz kalma su\u00e7a ortak olma, sava\u015fa dur de\u201d pankart\u0131 arkas\u0131nda y\u00fcr\u00fcd\u00fc. Halk E\u011fitim Merkezi \u00f6n\u00fcnden Yarenlik Alan\u0131\u2019na y\u00fcr\u00fcyen eylemciler, burada bir bas\u0131n a\u00e7\u0131klamas\u0131 yapt\u0131.<\/p>\n<p>A\u00e7\u0131klamada, ba\u015f\u0131n\u0131 ABD\u2019nin \u00e7ekti\u011fi emperyalist g\u00fc\u00e7lerin Ortado\u011fu \u00fczerine geli\u015ftirdi\u011fi projelerin katliam \u00fcretmeye devam etti\u011fi s\u00f6ylenirken Suudi Arabistan, Katar, Bahreyn gibi demokrasiden yoksun \u00fclkelerin emperyalizmin \u00e7\u0131karlar\u0131 u\u011fruna eli kanl\u0131 cihat\u00e7\u0131 \u00f6rg\u00fctleri besleyip, silahland\u0131r\u0131p Suriye, Irak ve Yemen halklar\u0131n\u0131 katlettirdi\u011fi vurguland\u0131. AKP h\u00fck\u00fcmetinin de ayn\u0131 siyaseti g\u00fctmeye devam etti\u011fi belirtilirken AKP h\u00fck\u00fcmetinin yanl\u0131\u015f ve yanl\u0131 siyaseti y\u00fcz\u00fcnden hem b\u00f6lge halklar\u0131 ile dostluklar\u0131n zedelendi\u011fi hem de dolayl\u0131 olarak milyonlarca insan\u0131n \u00f6l\u00fcm\u00fcne neden olan bir sava\u015f\u0131n orta\u011f\u0131 olundu\u011fu kaydedildi.<\/p>\n<p>Cihat\u00e7\u0131 \u00e7etelerin b\u00f6lgenin kadim halklar\u0131 olan K\u00fcrtleri, T\u00fcrkmenleri, Keldanileri, S\u00fcryanileri, Ermenileri, H\u0131ristiyanlar\u0131, Ezidileri ve Araplar\u0131 katletmeye devam etti\u011fi ifade edildi.<\/p>\n<p>Bas\u0131n a\u00e7\u0131klamas\u0131nda: \u201c28 Mart 2015 g\u00fcn\u00fc hemen Hatay s\u0131n\u0131r\u0131nda olan \u0130dlip kentini ele ge\u00e7iren El Kaideye ba\u011fl\u0131 Nusra Cephesi 25 Nisanda da Cisr e\u015f-\u015eu\u011fur kasabas\u0131n\u0131 ele ge\u00e7irmi\u015f ve ge\u00e7ti\u011fimiz g\u00fcn bu kasaban\u0131n yak\u0131n\u0131nda bulunan \u0130\u015ftebrak k\u00f6y\u00fcnde \u00e7o\u011fu kad\u0131n ve \u00e7ocuk onlarca insan katletmi\u015ftir.<\/p>\n<p>Merak ediyoruz E\u011fit- donat projesi ile T\u00fcrkiye\u2019de e\u011fitilip g\u00f6nderilen ter\u00f6ristler Suriye\u2019de ne i\u015f yapmaktad\u0131rlar?<\/p>\n<p>Bu katliam\u0131 yapanlar acaba bunlar m\u0131d\u0131r? Binlerce y\u0131ld\u0131r karde\u015f\u00e7e ya\u015fam\u0131\u015f halklar nas\u0131l bu \u015fekilde birbirlerine bo\u011fdurulmaktad\u0131r..\u201d ifadeleri kullan\u0131ld\u0131.<\/p>\n<p>Halklar\u0131n Ortado\u011fu\u2019da devam eden emperyalist i\u015fgal ve talana kar\u015f\u0131 tav\u0131r almaya ve vicdanlar\u0131 ile hareket etmeye davet yap\u0131ld\u0131\u011f\u0131 bas\u0131n a\u00e7\u0131klamas\u0131nda; b\u00fct\u00fcn demokratik dost \u00f6rg\u00fct ve kurumlar\u0131 da bu hususta ortak m\u00fccadeleye \u00e7a\u011fr\u0131 yap\u0131ld\u0131.<\/p>\n<div id='gallery-1' class='gallery galleryid-32197 gallery-columns-2 gallery-size-medium'><figure class='gallery-item'>\n\t\t\t<div class='gallery-icon landscape'>\n\t\t\t\t<a href='https:\/\/archive.sana.sy\/tr\/wp-content\/uploads\/2015\/05\/Suriye\u2019de-Halklar-ve-\u0130nan\u00e7lar-Katlediliyor.jpg'><img loading=\"lazy\" decoding=\"async\" width=\"300\" height=\"166\" src=\"https:\/\/archive.sana.sy\/tr\/wp-content\/uploads\/2015\/05\/Suriye\u2019de-Halklar-ve-\u0130nan\u00e7lar-Katlediliyor-300x166.jpg\" class=\"attachment-medium size-medium\" alt=\"\" srcset=\"https:\/\/archive.sana.sy\/tr\/wp-content\/uploads\/2015\/05\/Suriye\u2019de-Halklar-ve-\u0130nan\u00e7lar-Katlediliyor-300x166.jpg 300w, https:\/\/archive.sana.sy\/tr\/wp-content\/uploads\/2015\/05\/Suriye\u2019de-Halklar-ve-\u0130nan\u00e7lar-Katlediliyor-150x83.jpg 150w, https:\/\/archive.sana.sy\/tr\/wp-content\/uploads\/2015\/05\/Suriye\u2019de-Halklar-ve-\u0130nan\u00e7lar-Katlediliyor.jpg 615w\" sizes=\"auto, (max-width: 300px) 100vw, 300px\" \/><\/a>\n\t\t\t<\/div><\/figure><figure class='gallery-item'>\n\t\t\t<div class='gallery-icon landscape'>\n\t\t\t\t<a href='https:\/\/archive.sana.sy\/tr\/wp-content\/uploads\/2015\/05\/Suriye\u2019de-Halklar-ve-\u0130nan\u00e7lar-Katlediliyor-2.jpg'><img loading=\"lazy\" decoding=\"async\" width=\"300\" height=\"168\" src=\"https:\/\/archive.sana.sy\/tr\/wp-content\/uploads\/2015\/05\/Suriye\u2019de-Halklar-ve-\u0130nan\u00e7lar-Katlediliyor-2-300x168.jpg\" class=\"attachment-medium size-medium\" alt=\"\" srcset=\"https:\/\/archive.sana.sy\/tr\/wp-content\/uploads\/2015\/05\/Suriye\u2019de-Halklar-ve-\u0130nan\u00e7lar-Katlediliyor-2-300x168.jpg 300w, https:\/\/archive.sana.sy\/tr\/wp-content\/uploads\/2015\/05\/Suriye\u2019de-Halklar-ve-\u0130nan\u00e7lar-Katlediliyor-2-150x84.jpg 150w, https:\/\/archive.sana.sy\/tr\/wp-content\/uploads\/2015\/05\/Suriye\u2019de-Halklar-ve-\u0130nan\u00e7lar-Katlediliyor-2.jpg 615w\" sizes=\"auto, (max-width: 300px) 100vw, 300px\" \/><\/a>\n\t\t\t<\/div><\/figure>\n\t\t<\/div>\n\n<p>&nbsp;<\/p>\n<p>A.A. &#8211; M.M.<\/p>\n","protected":false},"excerpt":{"rendered":"<p>TARSUS \u2013 T\u00fcrkiye&#8217;de rejimin Suriye&#8217;de destekledi\u011fi radikal ve hain ter\u00f6r \u00f6rg\u00fctlerin katliamlar\u0131 ve AKP iktidar\u0131 taraf\u0131ndan ald\u0131\u011f\u0131 deste\u011fi k\u0131nayan halk g\u00f6sterileri devam ediyor. Sendika org web haber sitesinin aktard\u0131\u011f\u0131 haberde Tarsus Emek ve Demokrasi G\u00fc\u00e7leri, radikal \u00e7etelerin birka\u00e7 g\u00fcn \u00f6nce \u0130dlib k\u0131rsal\u0131nda T\u00fcrkiye s\u0131n\u0131rlar\u0131na yak\u0131n \u0130\u015ftebrak Beldesinde ger\u00e7ekle\u015ftirdi\u011fi katliama kar\u015f\u0131 y\u00fcr\u00fcy\u00fc\u015f d\u00fczenledi. Tarsuslular, \u201cSuriye\u2019de halklar &hellip;<\/p>\n","protected":false},"author":1,"featured_media":32198,"comment_status":"closed","ping_status":"closed","sticky":false,"template":"","format":"standard","meta":{"footnotes":""},"categories":[458,459,447,2554,2555],"tags":[14306,14307],"class_list":["post-32197","post","type-post","status-publish","format-standard","has-post-thumbnail","","category-dunya1","category-haberler-arap-uluslararasi-politika","category-politika","category-suriye-ve-dunya","category-suriye-ve-turkiye","tag-suriyede-halklar-ve-inanclar-katlediliyor","tag-tarsus-turkiyede-rejimin-suriyede-destekledigi-radikal-ve-hain-teror-orgutlerin-katliamlari-ve-akp-iktidari-tarafindan-aldigi-destegi-kinayan-halk-gosterileri-devam-ediyor"],"_links":{"self":[{"href":"https:\/\/archive.sana.sy\/tr\/index.php?rest_route=\/wp\/v2\/posts\/32197","targetHints":{"allow":["GET"]}}],"collection":[{"href":"https:\/\/archive.sana.sy\/tr\/index.php?rest_route=\/wp\/v2\/posts"}],"about":[{"href":"https:\/\/archive.sana.sy\/tr\/index.php?rest_route=\/wp\/v2\/types\/post"}],"author":[{"embeddable":true,"href":"https:\/\/archive.sana.sy\/tr\/index.php?rest_route=\/wp\/v2\/users\/1"}],"replies":[{"embeddable":true,"href":"https:\/\/archive.sana.sy\/tr\/index.php?rest_route=%2Fwp%2Fv2%2Fcomments&post=32197"}],"version-history":[{"count":0,"href":"https:\/\/archive.sana.sy\/tr\/index.php?rest_route=\/wp\/v2\/posts\/32197\/revisions"}],"wp:featuredmedia":[{"embeddable":true,"href":"https:\/\/archive.sana.sy\/tr\/index.php?rest_route=\/wp\/v2\/media\/32198"}],"wp:attachment":[{"href":"https:\/\/archive.sana.sy\/tr\/index.php?rest_route=%2Fwp%2Fv2%2Fmedia&parent=32197"}],"wp:term":[{"taxonomy":"category","embeddable":true,"href":"https:\/\/archive.sana.sy\/tr\/index.php?rest_route=%2Fwp%2Fv2%2Fcategories&post=32197"},{"taxonomy":"post_tag","embeddable":true,"href":"https:\/\/archive.sana.sy\/tr\/index.php?rest_route=%2Fwp%2Fv2%2Ftags&post=32197"}],"curies":[{"name":"wp","href":"https:\/\/api.w.org\/{rel}","templated":true}]}}