{"id":321970,"date":"2025-05-27T12:02:33","date_gmt":"2025-05-27T09:02:33","guid":{"rendered":"https:\/\/sana.sy\/tr\/?p=321970"},"modified":"2025-05-27T12:02:33","modified_gmt":"2025-05-27T09:02:33","slug":"ab-suriyeye-insani-yardimini-202-milyon-avroya-cikartti","status":"publish","type":"post","link":"https:\/\/archive.sana.sy\/tr\/?p=321970","title":{"rendered":"AB, Suriye&#8217;ye \u0130nsani Yard\u0131m\u0131n\u0131 202 Milyon Avroya \u00c7\u0131kartt\u0131"},"content":{"rendered":"<p style=\"text-align: justify;\"><span style=\"color: #ff0000;\"><strong>BR\u00dcKSEL (SANA)<\/strong> <\/span>&#8211; Avrupa Birli\u011fi bug\u00fcn Suriye&#8217;ye bu y\u0131l i\u00e7inde yapaca\u011f\u0131 insani yard\u0131m miktar\u0131n\u0131 202 milyon avronun \u00fczerine \u00e7\u0131karaca\u011f\u0131n\u0131 ilan etti.<\/p>\n<p style=\"text-align: justify;\">AB&#8217;nin Suriye Temsilcili\u011fi, X platformunda yapt\u0131\u011f\u0131 payla\u015f\u0131mda, &#8220;Avrupa Birli\u011fi, bu y\u0131l Suriye&#8217;ye yapt\u0131\u011f\u0131 insani yard\u0131m\u0131, g\u0131da ve sa\u011fl\u0131k gibi temel ihtiya\u00e7lar\u0131 kar\u015f\u0131lamak i\u00e7in 20 milyon avro daha ay\u0131rd\u0131ktan sonra, 202 milyon avronun \u00fczerine \u00e7\u0131kard\u0131&#8221; ifadelerine yer verdi.<\/p>\n","protected":false},"excerpt":{"rendered":"<p>BR\u00dcKSEL (SANA) &#8211; Avrupa Birli\u011fi bug\u00fcn Suriye&#8217;ye bu y\u0131l i\u00e7inde yapaca\u011f\u0131 insani yard\u0131m miktar\u0131n\u0131 202 milyon avronun \u00fczerine \u00e7\u0131karaca\u011f\u0131n\u0131 ilan etti. AB&#8217;nin Suriye Temsilcili\u011fi, X platformunda yapt\u0131\u011f\u0131 payla\u015f\u0131mda, &#8220;Avrupa Birli\u011fi, bu y\u0131l Suriye&#8217;ye yapt\u0131\u011f\u0131 insani yard\u0131m\u0131, g\u0131da ve sa\u011fl\u0131k gibi temel ihtiya\u00e7lar\u0131 kar\u015f\u0131lamak i\u00e7in 20 milyon avro daha ay\u0131rd\u0131ktan sonra, 202 milyon avronun \u00fczerine \u00e7\u0131kard\u0131&#8221; &hellip;<\/p>\n","protected":false},"author":36,"featured_media":321971,"comment_status":"closed","ping_status":"closed","sticky":false,"template":"","format":"standard","meta":{"footnotes":""},"categories":[458,589,459,17988],"tags":[],"class_list":["post-321970","post","type-post","status-publish","format-standard","has-post-thumbnail","","category-dunya1","category-haber-seridi","category-haberler-arap-uluslararasi-politika","category-son-haberler"],"_links":{"self":[{"href":"https:\/\/archive.sana.sy\/tr\/index.php?rest_route=\/wp\/v2\/posts\/321970","targetHints":{"allow":["GET"]}}],"collection":[{"href":"https:\/\/archive.sana.sy\/tr\/index.php?rest_route=\/wp\/v2\/posts"}],"about":[{"href":"https:\/\/archive.sana.sy\/tr\/index.php?rest_route=\/wp\/v2\/types\/post"}],"author":[{"embeddable":true,"href":"https:\/\/archive.sana.sy\/tr\/index.php?rest_route=\/wp\/v2\/users\/36"}],"replies":[{"embeddable":true,"href":"https:\/\/archive.sana.sy\/tr\/index.php?rest_route=%2Fwp%2Fv2%2Fcomments&post=321970"}],"version-history":[{"count":1,"href":"https:\/\/archive.sana.sy\/tr\/index.php?rest_route=\/wp\/v2\/posts\/321970\/revisions"}],"predecessor-version":[{"id":321972,"href":"https:\/\/archive.sana.sy\/tr\/index.php?rest_route=\/wp\/v2\/posts\/321970\/revisions\/321972"}],"wp:featuredmedia":[{"embeddable":true,"href":"https:\/\/archive.sana.sy\/tr\/index.php?rest_route=\/wp\/v2\/media\/321971"}],"wp:attachment":[{"href":"https:\/\/archive.sana.sy\/tr\/index.php?rest_route=%2Fwp%2Fv2%2Fmedia&parent=321970"}],"wp:term":[{"taxonomy":"category","embeddable":true,"href":"https:\/\/archive.sana.sy\/tr\/index.php?rest_route=%2Fwp%2Fv2%2Fcategories&post=321970"},{"taxonomy":"post_tag","embeddable":true,"href":"https:\/\/archive.sana.sy\/tr\/index.php?rest_route=%2Fwp%2Fv2%2Ftags&post=321970"}],"curies":[{"name":"wp","href":"https:\/\/api.w.org\/{rel}","templated":true}]}}