{"id":321973,"date":"2025-05-27T12:09:05","date_gmt":"2025-05-27T09:09:05","guid":{"rendered":"https:\/\/sana.sy\/tr\/?p=321973"},"modified":"2025-05-27T16:50:23","modified_gmt":"2025-05-27T13:50:23","slug":"bakanlar-abdulrazzak-ve-el-sukaf-bayindirlik-ve-iskan-bakanliginin-idari-yapisinin-gelistirilmesini-gorustuler","status":"publish","type":"post","link":"https:\/\/archive.sana.sy\/tr\/?p=321973","title":{"rendered":"Bakanlar Abdulrazzak ve El Sukaf, Bay\u0131nd\u0131rl\u0131k ve \u0130sk\u00e2n Bakanl\u0131\u011f\u0131&#8217;n\u0131n \u0130dari Yap\u0131s\u0131n\u0131n Geli\u015ftirilmesini G\u00f6r\u00fc\u015ft\u00fcler"},"content":{"rendered":"<p style=\"text-align: justify;\"><span style=\"color: #ff0000;\"><strong>\u015eAM (SANA)<\/strong> <\/span>&#8211; Bay\u0131nd\u0131rl\u0131k ve \u0130sk\u00e2n Bakan\u0131 Mustafa Abdulrazzak, \u0130dari Kalk\u0131nma Bakan\u0131 Muhammed Hassan El Sukaf ile Bay\u0131nd\u0131rl\u0131k ve \u0130sk\u00e2n Bakanl\u0131\u011f\u0131&#8217;n\u0131n idari yap\u0131s\u0131 ve \u00e7a\u011fda\u015f \u00e7al\u0131\u015fma gereksinimlerine uygun \u015fekilde geli\u015ftirilmesinin yollar\u0131n\u0131 g\u00f6r\u00fc\u015ft\u00fc.<\/p>\n<p style=\"text-align: justify;\"><img loading=\"lazy\" decoding=\"async\" class=\"size-medium wp-image-321975 alignright\" src=\"http:\/\/sana.sy\/tr\/wp-content\/uploads\/2025\/05\/10-1-300x190.jpg\" alt=\"\" width=\"300\" height=\"190\" srcset=\"https:\/\/archive.sana.sy\/tr\/wp-content\/uploads\/2025\/05\/10-1-300x190.jpg 300w, https:\/\/archive.sana.sy\/tr\/wp-content\/uploads\/2025\/05\/10-1.jpg 700w\" sizes=\"auto, (max-width: 300px) 100vw, 300px\" \/>\u015eam&#8217;daki Bay\u0131nd\u0131rl\u0131k Bakanl\u0131\u011f\u0131 binas\u0131nda d\u00fczenlenen toplant\u0131da, idari geli\u015fime y\u00f6nelik bir dizi vizyon ve \u00f6zellikle \u00e7e\u015fitli alanlarda idari becerilerin geli\u015ftirilmesi olmak \u00fczere iki bakanl\u0131k aras\u0131ndaki i\u015fbirli\u011finin art\u0131r\u0131lmas\u0131 yollar\u0131 ele al\u0131nd\u0131. Bu, h\u00fck\u00fcmetin performans\u0131n\u0131n art\u0131r\u0131lmas\u0131na ve kalk\u0131nma hedeflerine ula\u015f\u0131lmas\u0131na katk\u0131 sa\u011flayacakt\u0131r.<\/p>\n<p style=\"text-align: justify;\">Bu toplant\u0131, vatanda\u015flara en iyi hizmeti sunmada en iyi sonu\u00e7lar\u0131 elde etmek amac\u0131yla, kamu kurumlar\u0131 aras\u0131ndaki entegrasyonu art\u0131rmak ve idari \u00e7al\u0131\u015fma mekanizmalar\u0131n\u0131 modernize etmek amac\u0131yla devam eden \u00e7abalar\u0131n bir par\u00e7as\u0131d\u0131r.<\/p>\n","protected":false},"excerpt":{"rendered":"<p>\u015eAM (SANA) &#8211; Bay\u0131nd\u0131rl\u0131k ve \u0130sk\u00e2n Bakan\u0131 Mustafa Abdulrazzak, \u0130dari Kalk\u0131nma Bakan\u0131 Muhammed Hassan El Sukaf ile Bay\u0131nd\u0131rl\u0131k ve \u0130sk\u00e2n Bakanl\u0131\u011f\u0131&#8217;n\u0131n idari yap\u0131s\u0131 ve \u00e7a\u011fda\u015f \u00e7al\u0131\u015fma gereksinimlerine uygun \u015fekilde geli\u015ftirilmesinin yollar\u0131n\u0131 g\u00f6r\u00fc\u015ft\u00fc. \u015eam&#8217;daki Bay\u0131nd\u0131rl\u0131k Bakanl\u0131\u011f\u0131 binas\u0131nda d\u00fczenlenen toplant\u0131da, idari geli\u015fime y\u00f6nelik bir dizi vizyon ve \u00f6zellikle \u00e7e\u015fitli alanlarda idari becerilerin geli\u015ftirilmesi olmak \u00fczere iki bakanl\u0131k &hellip;<\/p>\n","protected":false},"author":36,"featured_media":321974,"comment_status":"closed","ping_status":"closed","sticky":false,"template":"","format":"standard","meta":{"footnotes":""},"categories":[589,479,17988,478],"tags":[],"class_list":["post-321973","post","type-post","status-publish","format-standard","has-post-thumbnail","","category-haber-seridi","category-haberler-yerel","category-son-haberler","category-yerel"],"_links":{"self":[{"href":"https:\/\/archive.sana.sy\/tr\/index.php?rest_route=\/wp\/v2\/posts\/321973","targetHints":{"allow":["GET"]}}],"collection":[{"href":"https:\/\/archive.sana.sy\/tr\/index.php?rest_route=\/wp\/v2\/posts"}],"about":[{"href":"https:\/\/archive.sana.sy\/tr\/index.php?rest_route=\/wp\/v2\/types\/post"}],"author":[{"embeddable":true,"href":"https:\/\/archive.sana.sy\/tr\/index.php?rest_route=\/wp\/v2\/users\/36"}],"replies":[{"embeddable":true,"href":"https:\/\/archive.sana.sy\/tr\/index.php?rest_route=%2Fwp%2Fv2%2Fcomments&post=321973"}],"version-history":[{"count":2,"href":"https:\/\/archive.sana.sy\/tr\/index.php?rest_route=\/wp\/v2\/posts\/321973\/revisions"}],"predecessor-version":[{"id":321997,"href":"https:\/\/archive.sana.sy\/tr\/index.php?rest_route=\/wp\/v2\/posts\/321973\/revisions\/321997"}],"wp:featuredmedia":[{"embeddable":true,"href":"https:\/\/archive.sana.sy\/tr\/index.php?rest_route=\/wp\/v2\/media\/321974"}],"wp:attachment":[{"href":"https:\/\/archive.sana.sy\/tr\/index.php?rest_route=%2Fwp%2Fv2%2Fmedia&parent=321973"}],"wp:term":[{"taxonomy":"category","embeddable":true,"href":"https:\/\/archive.sana.sy\/tr\/index.php?rest_route=%2Fwp%2Fv2%2Fcategories&post=321973"},{"taxonomy":"post_tag","embeddable":true,"href":"https:\/\/archive.sana.sy\/tr\/index.php?rest_route=%2Fwp%2Fv2%2Ftags&post=321973"}],"curies":[{"name":"wp","href":"https:\/\/api.w.org\/{rel}","templated":true}]}}