{"id":321978,"date":"2025-05-27T14:03:34","date_gmt":"2025-05-27T11:03:34","guid":{"rendered":"https:\/\/sana.sy\/tr\/?p=321978"},"modified":"2025-05-27T17:32:53","modified_gmt":"2025-05-27T14:32:53","slug":"ulastirma-bakani-trafik-ve-tasit-kanununda-yapilmasi-onerilen-degisiklikleri-ihtisas-komisyonla-gorustu","status":"publish","type":"post","link":"https:\/\/archive.sana.sy\/tr\/?p=321978","title":{"rendered":"Ula\u015ft\u0131rma Bakan\u0131, Trafik ve Ta\u015f\u0131t Kanunu&#8217;nda Yap\u0131lmas\u0131 \u00d6nerilen De\u011fi\u015fiklikleri \u0130htisas Komisyonla G\u00f6r\u00fc\u015ft\u00fc"},"content":{"rendered":"<p style=\"text-align: justify;\"><span style=\"color: #ff0000;\"><strong>\u015eAM (SANA)<\/strong> <\/span>&#8211;\u00a0 Ula\u015ft\u0131rma Bakan\u0131\u00a0 Yarub Bedir, Trafik ve Ta\u015f\u0131t Kanunu&#8217;nda de\u011fi\u015fiklik yap\u0131lmas\u0131n\u0131 inceleyen komisyonla, \u00e7a\u011fda\u015f teknik ve trafik geli\u015fmelerine ayak uydurmak ve yol g\u00fcvenli\u011fini art\u0131rmak amac\u0131yla mevcut kanunda yap\u0131lmas\u0131 \u00f6nerilen en \u00f6nemli de\u011fi\u015fiklikleri g\u00f6r\u00fc\u015ft\u00fc.<\/p>\n<p style=\"text-align: justify;\">Bakan Bedir, bug\u00fcn \u015eam&#8217;daki bakanl\u0131k binas\u0131nda d\u00fczenlenen toplant\u0131da, trafik kanununun g\u00fcncel zorluklara uygun \u015fekilde geli\u015ftirilmesi i\u00e7in ilgili makamlar aras\u0131ndaki i\u015fbirli\u011finin \u00f6nemini vurgularken, can ve mal g\u00fcvenli\u011finin korunmas\u0131na, kanunlar\u0131n etkin ve adil bir \u015fekilde uygulanmas\u0131na odaklan\u0131lmas\u0131n\u0131n gereklili\u011fine i\u015faret etti.<\/p>\n<p style=\"text-align: justify;\">Bedir ayr\u0131ca, kanunun herhangi bir maddesinin de\u011fi\u015ftirilmesi i\u00e7in teklifler ve net bir vizyon geli\u015ftirilmesinin, beklentileri kar\u015f\u0131layan, vatanda\u015fa hizmet eden ve g\u00fcvenli bir trafik ortam\u0131 yaratan \u00e7a\u011fda\u015f bir kanunun \u00e7\u0131kar\u0131lmas\u0131n\u0131n gereklili\u011fini vurgulad\u0131.<\/p>\n<p style=\"text-align: justify;\">Komisyon \u00fcyeleri ise, de\u011fi\u015ftirilecek maddeler ve ula\u015ft\u0131rma m\u00fcd\u00fcrl\u00fcklerindeki i\u015flem s\u00fcre\u00e7leri de dahil olmak \u00fczere \u00e7al\u0131\u015fman\u0131n zorluk ve s\u0131k\u0131nt\u0131lar\u0131n\u0131 ayr\u0131nt\u0131l\u0131 bir \u015fekilde anlatt\u0131lar.<\/p>\n<p style=\"text-align: justify;\">Komite \u00fcyeleri ayr\u0131ca gelir vergisinin kald\u0131r\u0131lmas\u0131n\u0131, akaryak\u0131t fiyat farkl\u0131l\u0131klar\u0131n\u0131n giderilmesini, Ara\u00e7lara ait pul ve har\u00e7lar\u0131n fiyatland\u0131r\u0131lmas\u0131n\u0131 ve ara\u00e7 ruhsat\u0131 tescili veya yenilenmesi s\u0131ras\u0131nda zorunlu sigortan\u0131n kald\u0131r\u0131lmas\u0131n\u0131 \u00f6nerdi.<\/p>\n","protected":false},"excerpt":{"rendered":"<p>\u015eAM (SANA) &#8211;\u00a0 Ula\u015ft\u0131rma Bakan\u0131\u00a0 Yarub Bedir, Trafik ve Ta\u015f\u0131t Kanunu&#8217;nda de\u011fi\u015fiklik yap\u0131lmas\u0131n\u0131 inceleyen komisyonla, \u00e7a\u011fda\u015f teknik ve trafik geli\u015fmelerine ayak uydurmak ve yol g\u00fcvenli\u011fini art\u0131rmak amac\u0131yla mevcut kanunda yap\u0131lmas\u0131 \u00f6nerilen en \u00f6nemli de\u011fi\u015fiklikleri g\u00f6r\u00fc\u015ft\u00fc. Bakan Bedir, bug\u00fcn \u015eam&#8217;daki bakanl\u0131k binas\u0131nda d\u00fczenlenen toplant\u0131da, trafik kanununun g\u00fcncel zorluklara uygun \u015fekilde geli\u015ftirilmesi i\u00e7in ilgili makamlar aras\u0131ndaki i\u015fbirli\u011finin &hellip;<\/p>\n","protected":false},"author":36,"featured_media":321979,"comment_status":"closed","ping_status":"closed","sticky":false,"template":"","format":"standard","meta":{"footnotes":""},"categories":[589,479,17988,478],"tags":[],"class_list":["post-321978","post","type-post","status-publish","format-standard","has-post-thumbnail","","category-haber-seridi","category-haberler-yerel","category-son-haberler","category-yerel"],"_links":{"self":[{"href":"https:\/\/archive.sana.sy\/tr\/index.php?rest_route=\/wp\/v2\/posts\/321978","targetHints":{"allow":["GET"]}}],"collection":[{"href":"https:\/\/archive.sana.sy\/tr\/index.php?rest_route=\/wp\/v2\/posts"}],"about":[{"href":"https:\/\/archive.sana.sy\/tr\/index.php?rest_route=\/wp\/v2\/types\/post"}],"author":[{"embeddable":true,"href":"https:\/\/archive.sana.sy\/tr\/index.php?rest_route=\/wp\/v2\/users\/36"}],"replies":[{"embeddable":true,"href":"https:\/\/archive.sana.sy\/tr\/index.php?rest_route=%2Fwp%2Fv2%2Fcomments&post=321978"}],"version-history":[{"count":4,"href":"https:\/\/archive.sana.sy\/tr\/index.php?rest_route=\/wp\/v2\/posts\/321978\/revisions"}],"predecessor-version":[{"id":322001,"href":"https:\/\/archive.sana.sy\/tr\/index.php?rest_route=\/wp\/v2\/posts\/321978\/revisions\/322001"}],"wp:featuredmedia":[{"embeddable":true,"href":"https:\/\/archive.sana.sy\/tr\/index.php?rest_route=\/wp\/v2\/media\/321979"}],"wp:attachment":[{"href":"https:\/\/archive.sana.sy\/tr\/index.php?rest_route=%2Fwp%2Fv2%2Fmedia&parent=321978"}],"wp:term":[{"taxonomy":"category","embeddable":true,"href":"https:\/\/archive.sana.sy\/tr\/index.php?rest_route=%2Fwp%2Fv2%2Fcategories&post=321978"},{"taxonomy":"post_tag","embeddable":true,"href":"https:\/\/archive.sana.sy\/tr\/index.php?rest_route=%2Fwp%2Fv2%2Ftags&post=321978"}],"curies":[{"name":"wp","href":"https:\/\/api.w.org\/{rel}","templated":true}]}}