{"id":321982,"date":"2025-05-27T14:10:26","date_gmt":"2025-05-27T11:10:26","guid":{"rendered":"https:\/\/sana.sy\/tr\/?p=321982"},"modified":"2025-05-27T17:34:01","modified_gmt":"2025-05-27T14:34:01","slug":"enformasyon-bakani-unesco-heyetiyle-gorustu","status":"publish","type":"post","link":"https:\/\/archive.sana.sy\/tr\/?p=321982","title":{"rendered":"Enformasyon Bakan\u0131, &#8220;UNESCO&#8221; Heyetiyle G\u00f6r\u00fc\u015ft\u00fc"},"content":{"rendered":"<p style=\"text-align: justify;\"><span style=\"color: #ff0000;\"><strong>\u015eAM (SANA)<\/strong> <\/span>&#8211;\u00a0 Enformasyon Bakan\u0131 Hamza El Mustafa, Birle\u015fmi\u015f Milletler E\u011fitim, Bilim ve K\u00fclt\u00fcr \u00d6rg\u00fct\u00fc &#8220;UNESCO&#8221; heyetiyle Suriye kentlerinde bas\u0131n \u00f6zg\u00fcrl\u00fc\u011f\u00fcn\u00fcn art\u0131r\u0131lmas\u0131 ve k\u00fclt\u00fcrel ve tarihi miras\u0131n canland\u0131r\u0131lmas\u0131 yollar\u0131n\u0131 g\u00f6r\u00fc\u015ft\u00fc.<\/p>\n<p style=\"text-align: justify;\">Bakan El Mustafa, UNESCO Genel Direkt\u00f6rl\u00fck Ofisi M\u00fcd\u00fcr\u00fc Margot Bergon-Dars ba\u015fkanl\u0131\u011f\u0131ndaki heyetle, Enformasyon Bakanl\u0131\u011f\u0131&#8217;n\u0131n \u00e7e\u015fitli sekt\u00f6rlerindeki ulusal ar\u015fivlerin korunmas\u0131 ve bu kapsamda dijital d\u00f6n\u00fc\u015f\u00fcm\u00fcn sa\u011flanmas\u0131 konusunda i\u015fbirli\u011fi imk\u00e2nlar\u0131n\u0131 g\u00f6r\u00fc\u015f\u00fcrken, nefret s\u00f6ylemi ve mezhepsel k\u0131\u015fk\u0131rtmayla m\u00fccadele konusunda uzmanla\u015fm\u0131\u015f e\u011fitim verilmesi imk\u00e2n\u0131 ve yan\u0131lt\u0131c\u0131 i\u00e7eriklerle m\u00fccadele konusunda i\u015f birli\u011fi yap\u0131lmas\u0131 konular\u0131 da ele al\u0131nd\u0131.<\/p>\n<p style=\"text-align: justify;\">BM temsilcisi ise Suriye Enformasyon Bakanl\u0131\u011f\u0131 ile \u00e7e\u015fitli alanlarda i\u015f birli\u011fi planlar\u0131n\u0131n uygulamaya konulmas\u0131 amac\u0131yla bir mutabakat zapt\u0131 imzalanmas\u0131n\u0131 \u00f6nerdi.<\/p>\n","protected":false},"excerpt":{"rendered":"<p>\u015eAM (SANA) &#8211;\u00a0 Enformasyon Bakan\u0131 Hamza El Mustafa, Birle\u015fmi\u015f Milletler E\u011fitim, Bilim ve K\u00fclt\u00fcr \u00d6rg\u00fct\u00fc &#8220;UNESCO&#8221; heyetiyle Suriye kentlerinde bas\u0131n \u00f6zg\u00fcrl\u00fc\u011f\u00fcn\u00fcn art\u0131r\u0131lmas\u0131 ve k\u00fclt\u00fcrel ve tarihi miras\u0131n canland\u0131r\u0131lmas\u0131 yollar\u0131n\u0131 g\u00f6r\u00fc\u015ft\u00fc. Bakan El Mustafa, UNESCO Genel Direkt\u00f6rl\u00fck Ofisi M\u00fcd\u00fcr\u00fc Margot Bergon-Dars ba\u015fkanl\u0131\u011f\u0131ndaki heyetle, Enformasyon Bakanl\u0131\u011f\u0131&#8217;n\u0131n \u00e7e\u015fitli sekt\u00f6rlerindeki ulusal ar\u015fivlerin korunmas\u0131 ve bu kapsamda dijital d\u00f6n\u00fc\u015f\u00fcm\u00fcn sa\u011flanmas\u0131 &hellip;<\/p>\n","protected":false},"author":36,"featured_media":321983,"comment_status":"closed","ping_status":"closed","sticky":false,"template":"","format":"standard","meta":{"footnotes":""},"categories":[589,479,17988,478],"tags":[],"class_list":["post-321982","post","type-post","status-publish","format-standard","has-post-thumbnail","","category-haber-seridi","category-haberler-yerel","category-son-haberler","category-yerel"],"_links":{"self":[{"href":"https:\/\/archive.sana.sy\/tr\/index.php?rest_route=\/wp\/v2\/posts\/321982","targetHints":{"allow":["GET"]}}],"collection":[{"href":"https:\/\/archive.sana.sy\/tr\/index.php?rest_route=\/wp\/v2\/posts"}],"about":[{"href":"https:\/\/archive.sana.sy\/tr\/index.php?rest_route=\/wp\/v2\/types\/post"}],"author":[{"embeddable":true,"href":"https:\/\/archive.sana.sy\/tr\/index.php?rest_route=\/wp\/v2\/users\/36"}],"replies":[{"embeddable":true,"href":"https:\/\/archive.sana.sy\/tr\/index.php?rest_route=%2Fwp%2Fv2%2Fcomments&post=321982"}],"version-history":[{"count":3,"href":"https:\/\/archive.sana.sy\/tr\/index.php?rest_route=\/wp\/v2\/posts\/321982\/revisions"}],"predecessor-version":[{"id":322002,"href":"https:\/\/archive.sana.sy\/tr\/index.php?rest_route=\/wp\/v2\/posts\/321982\/revisions\/322002"}],"wp:featuredmedia":[{"embeddable":true,"href":"https:\/\/archive.sana.sy\/tr\/index.php?rest_route=\/wp\/v2\/media\/321983"}],"wp:attachment":[{"href":"https:\/\/archive.sana.sy\/tr\/index.php?rest_route=%2Fwp%2Fv2%2Fmedia&parent=321982"}],"wp:term":[{"taxonomy":"category","embeddable":true,"href":"https:\/\/archive.sana.sy\/tr\/index.php?rest_route=%2Fwp%2Fv2%2Fcategories&post=321982"},{"taxonomy":"post_tag","embeddable":true,"href":"https:\/\/archive.sana.sy\/tr\/index.php?rest_route=%2Fwp%2Fv2%2Ftags&post=321982"}],"curies":[{"name":"wp","href":"https:\/\/api.w.org\/{rel}","templated":true}]}}