{"id":321986,"date":"2025-05-27T14:17:46","date_gmt":"2025-05-27T11:17:46","guid":{"rendered":"https:\/\/sana.sy\/tr\/?p=321986"},"modified":"2025-05-27T17:36:14","modified_gmt":"2025-05-27T14:36:14","slug":"maliye-bakani-bahreynin-sam-buyukelcisi-ile-gorustu","status":"publish","type":"post","link":"https:\/\/archive.sana.sy\/tr\/?p=321986","title":{"rendered":"Maliye Bakan\u0131, Bahreyn&#8217;in \u015eam B\u00fcy\u00fckel\u00e7isi \u0130le G\u00f6r\u00fc\u015ft\u00fc"},"content":{"rendered":"<p style=\"text-align: justify;\"><span style=\"color: #ff0000;\"><strong>\u015eAM (SANA)<\/strong> <\/span>&#8211; Maliye Bakan\u0131\u00a0 Muhammed Yusur Berniye, Bahreyn&#8217;in \u015eam B\u00fcy\u00fckel\u00e7isi Vahid Mubarak Sayar ile ABD Hazine Bakanl\u0131\u011f\u0131&#8217;n\u0131n verdi\u011fi 25 say\u0131l\u0131 lisans kapsam\u0131nda Suriye Ticaret Bankas\u0131&#8217;n\u0131n Bahreyn bankalar\u0131ndaki dondurulmu\u015f varl\u0131klar\u0131n\u0131n geri al\u0131nmas\u0131na y\u00f6nelik \u00f6nlemleri g\u00f6r\u00fc\u015ft\u00fc.<\/p>\n<p style=\"text-align: justify;\">Bakan Berniye, B\u00fcy\u00fckel\u00e7i Sayar ile \u015eam&#8217;daki bakanl\u0131k binas\u0131nda ger\u00e7ekle\u015ftirdikleri g\u00f6r\u00fc\u015fmede, dijitalle\u015fme, finans sekt\u00f6r\u00fc, sa\u011fl\u0131k ve e\u011fitim sekt\u00f6rleri de dahil olmak \u00fczere bir\u00e7ok alanda Bahreyn&#8217;in uzmanl\u0131\u011f\u0131ndan ve deneyiminden yararlanma f\u0131rsatlar\u0131n\u0131n ele al\u0131nd\u0131\u011f\u0131n\u0131 belirtirken, bu, Cumhurba\u015fkan\u0131&#8217;n\u0131n Bahreyn Krall\u0131\u011f\u0131&#8217;na yapt\u0131\u011f\u0131 son ziyarette var\u0131lan mutabakatlar\u0131n devam\u0131 niteli\u011finde oldu\u011funa i\u015faret etti.<\/p>\n<p style=\"text-align: justify;\">Bakan Berniye ayr\u0131ca, Bahreyn Krall\u0131\u011f\u0131&#8217;n\u0131n Suriye&#8217;nin istikrar\u0131 ve refah\u0131na olan ba\u011fl\u0131l\u0131\u011f\u0131 nedeniyle sa\u011flad\u0131\u011f\u0131 destekten b\u00fcy\u00fck memnuniyet duydu\u011funu dile getirdi.<\/p>\n","protected":false},"excerpt":{"rendered":"<p>\u015eAM (SANA) &#8211; Maliye Bakan\u0131\u00a0 Muhammed Yusur Berniye, Bahreyn&#8217;in \u015eam B\u00fcy\u00fckel\u00e7isi Vahid Mubarak Sayar ile ABD Hazine Bakanl\u0131\u011f\u0131&#8217;n\u0131n verdi\u011fi 25 say\u0131l\u0131 lisans kapsam\u0131nda Suriye Ticaret Bankas\u0131&#8217;n\u0131n Bahreyn bankalar\u0131ndaki dondurulmu\u015f varl\u0131klar\u0131n\u0131n geri al\u0131nmas\u0131na y\u00f6nelik \u00f6nlemleri g\u00f6r\u00fc\u015ft\u00fc. Bakan Berniye, B\u00fcy\u00fckel\u00e7i Sayar ile \u015eam&#8217;daki bakanl\u0131k binas\u0131nda ger\u00e7ekle\u015ftirdikleri g\u00f6r\u00fc\u015fmede, dijitalle\u015fme, finans sekt\u00f6r\u00fc, sa\u011fl\u0131k ve e\u011fitim sekt\u00f6rleri de dahil olmak &hellip;<\/p>\n","protected":false},"author":36,"featured_media":321987,"comment_status":"closed","ping_status":"closed","sticky":false,"template":"","format":"standard","meta":{"footnotes":""},"categories":[589,479,17988,478],"tags":[],"class_list":["post-321986","post","type-post","status-publish","format-standard","has-post-thumbnail","","category-haber-seridi","category-haberler-yerel","category-son-haberler","category-yerel"],"_links":{"self":[{"href":"https:\/\/archive.sana.sy\/tr\/index.php?rest_route=\/wp\/v2\/posts\/321986","targetHints":{"allow":["GET"]}}],"collection":[{"href":"https:\/\/archive.sana.sy\/tr\/index.php?rest_route=\/wp\/v2\/posts"}],"about":[{"href":"https:\/\/archive.sana.sy\/tr\/index.php?rest_route=\/wp\/v2\/types\/post"}],"author":[{"embeddable":true,"href":"https:\/\/archive.sana.sy\/tr\/index.php?rest_route=\/wp\/v2\/users\/36"}],"replies":[{"embeddable":true,"href":"https:\/\/archive.sana.sy\/tr\/index.php?rest_route=%2Fwp%2Fv2%2Fcomments&post=321986"}],"version-history":[{"count":5,"href":"https:\/\/archive.sana.sy\/tr\/index.php?rest_route=\/wp\/v2\/posts\/321986\/revisions"}],"predecessor-version":[{"id":322004,"href":"https:\/\/archive.sana.sy\/tr\/index.php?rest_route=\/wp\/v2\/posts\/321986\/revisions\/322004"}],"wp:featuredmedia":[{"embeddable":true,"href":"https:\/\/archive.sana.sy\/tr\/index.php?rest_route=\/wp\/v2\/media\/321987"}],"wp:attachment":[{"href":"https:\/\/archive.sana.sy\/tr\/index.php?rest_route=%2Fwp%2Fv2%2Fmedia&parent=321986"}],"wp:term":[{"taxonomy":"category","embeddable":true,"href":"https:\/\/archive.sana.sy\/tr\/index.php?rest_route=%2Fwp%2Fv2%2Fcategories&post=321986"},{"taxonomy":"post_tag","embeddable":true,"href":"https:\/\/archive.sana.sy\/tr\/index.php?rest_route=%2Fwp%2Fv2%2Ftags&post=321986"}],"curies":[{"name":"wp","href":"https:\/\/api.w.org\/{rel}","templated":true}]}}