{"id":321990,"date":"2025-05-27T14:26:38","date_gmt":"2025-05-27T11:26:38","guid":{"rendered":"https:\/\/sana.sy\/tr\/?p=321990"},"modified":"2025-05-27T16:47:54","modified_gmt":"2025-05-27T13:47:54","slug":"spor-ve-genclik-bakanligi-katar-suriyede-bes-stadyum-ve-iki-spor-salonunun-onarim-ve-bakimina-destek-verecek","status":"publish","type":"post","link":"https:\/\/archive.sana.sy\/tr\/?p=321990","title":{"rendered":"Spor ve Gen\u00e7lik Bakanl\u0131\u011f\u0131: Katar, Suriye&#8217;de Be\u015f Stadyum Ve \u0130ki Spor Salonunun Onar\u0131m ve Bak\u0131m\u0131na Destek Verecek"},"content":{"rendered":"<p style=\"text-align: justify;\"><span style=\"color: #ff0000;\"><strong>DOHA (SANA)<\/strong> <\/span>&#8211; Gen\u00e7lik ve Spor Bakan Yard\u0131mc\u0131s\u0131 Cemal El \u015eerif, Katar Devleti&#8217;nin Suriye&#8217;ye spor alan\u0131nda sa\u011flad\u0131\u011f\u0131 \u00f6nemli deste\u011fi teyit etti.<\/p>\n<p style=\"text-align: justify;\">Katar&#8217;daki Suriye Medya Kul\u00fcb\u00fc&#8217;nden bir grupla g\u00f6r\u00fc\u015fmesinde bakan yard\u0131mc\u0131s\u0131 El \u015eerif, Suriye vilayetlerindeki be\u015f stadyuma ek olarak iki spor salonunun restore edilip bak\u0131m\u0131n\u0131n yap\u0131lmas\u0131 i\u00e7in ortak bir Suriye-Katar komitesi kuruldu\u011funu a\u00e7\u0131klad\u0131.<\/p>\n<p style=\"text-align: justify;\">G\u00f6r\u00fc\u015fmede, sporun her alan\u0131na ili\u015fkin \u00e7ok say\u0131da konu ve talep g\u00fcndeme gelirken, sporun nas\u0131l ilerletilece\u011fi, kul\u00fcpler ve federasyonlar i\u00e7in uygun altyap\u0131n\u0131n nas\u0131l sa\u011flanaca\u011f\u0131, Suriye&#8217;de sporun geli\u015fmesi ve aktifle\u015ftirilmesinin nas\u0131l sa\u011flanaca\u011f\u0131 gibi konular da ele al\u0131nd\u0131.<\/p>\n","protected":false},"excerpt":{"rendered":"<p>DOHA (SANA) &#8211; Gen\u00e7lik ve Spor Bakan Yard\u0131mc\u0131s\u0131 Cemal El \u015eerif, Katar Devleti&#8217;nin Suriye&#8217;ye spor alan\u0131nda sa\u011flad\u0131\u011f\u0131 \u00f6nemli deste\u011fi teyit etti. Katar&#8217;daki Suriye Medya Kul\u00fcb\u00fc&#8217;nden bir grupla g\u00f6r\u00fc\u015fmesinde bakan yard\u0131mc\u0131s\u0131 El \u015eerif, Suriye vilayetlerindeki be\u015f stadyuma ek olarak iki spor salonunun restore edilip bak\u0131m\u0131n\u0131n yap\u0131lmas\u0131 i\u00e7in ortak bir Suriye-Katar komitesi kuruldu\u011funu a\u00e7\u0131klad\u0131. G\u00f6r\u00fc\u015fmede, sporun her &hellip;<\/p>\n","protected":false},"author":36,"featured_media":321991,"comment_status":"closed","ping_status":"closed","sticky":false,"template":"","format":"standard","meta":{"footnotes":""},"categories":[458,589,459,17988],"tags":[],"class_list":["post-321990","post","type-post","status-publish","format-standard","has-post-thumbnail","","category-dunya1","category-haber-seridi","category-haberler-arap-uluslararasi-politika","category-son-haberler"],"_links":{"self":[{"href":"https:\/\/archive.sana.sy\/tr\/index.php?rest_route=\/wp\/v2\/posts\/321990","targetHints":{"allow":["GET"]}}],"collection":[{"href":"https:\/\/archive.sana.sy\/tr\/index.php?rest_route=\/wp\/v2\/posts"}],"about":[{"href":"https:\/\/archive.sana.sy\/tr\/index.php?rest_route=\/wp\/v2\/types\/post"}],"author":[{"embeddable":true,"href":"https:\/\/archive.sana.sy\/tr\/index.php?rest_route=\/wp\/v2\/users\/36"}],"replies":[{"embeddable":true,"href":"https:\/\/archive.sana.sy\/tr\/index.php?rest_route=%2Fwp%2Fv2%2Fcomments&post=321990"}],"version-history":[{"count":2,"href":"https:\/\/archive.sana.sy\/tr\/index.php?rest_route=\/wp\/v2\/posts\/321990\/revisions"}],"predecessor-version":[{"id":321993,"href":"https:\/\/archive.sana.sy\/tr\/index.php?rest_route=\/wp\/v2\/posts\/321990\/revisions\/321993"}],"wp:featuredmedia":[{"embeddable":true,"href":"https:\/\/archive.sana.sy\/tr\/index.php?rest_route=\/wp\/v2\/media\/321991"}],"wp:attachment":[{"href":"https:\/\/archive.sana.sy\/tr\/index.php?rest_route=%2Fwp%2Fv2%2Fmedia&parent=321990"}],"wp:term":[{"taxonomy":"category","embeddable":true,"href":"https:\/\/archive.sana.sy\/tr\/index.php?rest_route=%2Fwp%2Fv2%2Fcategories&post=321990"},{"taxonomy":"post_tag","embeddable":true,"href":"https:\/\/archive.sana.sy\/tr\/index.php?rest_route=%2Fwp%2Fv2%2Ftags&post=321990"}],"curies":[{"name":"wp","href":"https:\/\/api.w.org\/{rel}","templated":true}]}}