{"id":32202,"date":"2015-05-05T17:01:48","date_gmt":"2015-05-05T14:01:48","guid":{"rendered":"http:\/\/sana.sy\/tr\/?p=32202"},"modified":"2015-05-05T17:01:48","modified_gmt":"2015-05-05T14:01:48","slug":"turkiyeye-baski-uygulanmalarini-talep-etti","status":"publish","type":"post","link":"https:\/\/archive.sana.sy\/tr\/?p=32202","title":{"rendered":"T\u00fcrkiye&#8217;ye Bask\u0131 Uygulanmalar\u0131n\u0131 Talep Etti"},"content":{"rendered":"<p>PAR\u0130S \u2013 Avrupa Parlamentosunda Frans\u0131z Parlamenter Marie-Christine Arnoto Avrupa Birli\u011fi \u00fclkelerinden Suriye&#8217;de ter\u00f6rle m\u00fccadelede ciddi olmalar\u0131n\u0131, ter\u00f6r \u00f6rg\u00fctleri aras\u0131nda fark g\u00f6zetmeyip kay\u0131rmamalar\u0131n\u0131 talep etti.<\/p>\n<p>Avrupa Parlamentosunda K\u00fclt\u00fcr Komitesinin oturumunda konu\u015fan Arnoto; Suriye&#8217;de ter\u00f6re desteklerini kesmeleri amac\u0131yla T\u00fcrkiye, Suudi Arabistan ve Katar\u2019a bask\u0131 uygulanmas\u0131 gere\u011finin alt\u0131n\u0131 \u00e7izdi.<\/p>\n<p>Arnoto bu devletlerin destek verdikleri ter\u00f6r \u00f6rg\u00fctlerin Suriye ve Irak\u2019a ilaveten Libya ve Tunus\u2019ta da k\u00fclt\u00fcrel mirasa y\u00f6nelik deh\u015fet verici eylemler d\u00fczenlediklerini ifade etti.<\/p>\n<p>AB Parlamentosunda K\u00fclt\u00fcr Komitesinin oturum g\u00fcndeminde sadece I\u015e\u0130D\u2019i ele almas\u0131n\u0131n esef verici oldu\u011funa belirten Arnoto; temelde t\u00fcm ter\u00f6r \u00f6rg\u00fctleri aras\u0131nda herhangi bir fark\u0131n bulunmad\u0131\u011f\u0131na i\u015faret etti. Suriye&#8217;de kilise, cami ve tarihi eserlerin sadece I\u015e\u0130D taraf\u0131ndan sabote edilmedi\u011fine dikkat \u00e7eken Arnoto; \u2018Suudi Arabistan\u2019\u0131n destekledi\u011fi \u0130slami Cephe ter\u00f6r \u00f6rg\u00fct\u00fcne tabi radikal Ahrar el \u015eam Hareketinin yan\u0131 s\u0131ra T\u00fcrkiye\u2019nin destekledi\u011fi ve aralar\u0131nda \u00c7e\u00e7enistanl\u0131 ter\u00f6ristlerin bulundu\u011fu ba\u015fka \u00f6rg\u00fctlerin de ayn\u0131 vah\u015fette eylemler d\u00fczenlediklerine\u2019 vurgu yapt\u0131.<\/p>\n<p>Arnoto aralar\u0131nda Kaide \u00d6rg\u00fct\u00fcn\u00fcn Suriye&#8217;deki kolu olan Nusra Cephesinin aralar\u0131nda bulundu\u011fu ve T\u00fcrkiye h\u00fck\u00fcmetinin deste\u011fi ile \u0130dlib Kentine giren ter\u00f6ristlerin m\u00fczeden binlerce tarihi eseri \u00e7ald\u0131klar\u0131na dikkat \u00e7ekti. Fransa d\u0131\u015fi\u015fleri bakan\u0131n\u0131n ise bir s\u00fcre \u00f6nce \u2018Nusra Cephesi, Suriye&#8217;de g\u00fczel i\u015fler yap\u0131yor\u2019 s\u00f6z\u00fcn\u00fc hat\u0131rlatan Arnoto; T\u00fcrkiye ve Fransa\u2019n\u0131n muhtelif adland\u0131rmalar alt\u0131nda destekledikleri ter\u00f6r \u00f6rg\u00fctlerin t\u00fcm\u00fcn\u00fcn I\u015e\u0130D\u2019ten farklar\u0131 olmad\u0131\u011f\u0131n\u0131n alt\u0131n\u0131 \u00e7izdi.<\/p>\n<p>Arnoto AB devletlerine yak\u0131n T\u00fcrkiye, Katar ve Suudi Arabistan\u2019\u0131n ter\u00f6re desteklerini kesmelerine zorlanmalar\u0131n\u0131n her zamandan daha \u00e7ok mutlak bir gereklilik ta\u015f\u0131d\u0131\u011f\u0131na bir kez daha vurgu yapt\u0131.<\/p>\n<p>A.A. &#8211; M.M.<\/p>\n","protected":false},"excerpt":{"rendered":"<p>PAR\u0130S \u2013 Avrupa Parlamentosunda Frans\u0131z Parlamenter Marie-Christine Arnoto Avrupa Birli\u011fi \u00fclkelerinden Suriye&#8217;de ter\u00f6rle m\u00fccadelede ciddi olmalar\u0131n\u0131, ter\u00f6r \u00f6rg\u00fctleri aras\u0131nda fark g\u00f6zetmeyip kay\u0131rmamalar\u0131n\u0131 talep etti. Avrupa Parlamentosunda K\u00fclt\u00fcr Komitesinin oturumunda konu\u015fan Arnoto; Suriye&#8217;de ter\u00f6re desteklerini kesmeleri amac\u0131yla T\u00fcrkiye, Suudi Arabistan ve Katar\u2019a bask\u0131 uygulanmas\u0131 gere\u011finin alt\u0131n\u0131 \u00e7izdi. Arnoto bu devletlerin destek verdikleri ter\u00f6r \u00f6rg\u00fctlerin Suriye ve &hellip;<\/p>\n","protected":false},"author":1,"featured_media":32203,"comment_status":"closed","ping_status":"closed","sticky":false,"template":"","format":"standard","meta":{"footnotes":""},"categories":[458,459,447,2554,2555],"tags":[14308],"class_list":["post-32202","post","type-post","status-publish","format-standard","has-post-thumbnail","","category-dunya1","category-haberler-arap-uluslararasi-politika","category-politika","category-suriye-ve-dunya","category-suriye-ve-turkiye","tag-turkiyeye-baski-uygulanmalarini-talep-etti"],"_links":{"self":[{"href":"https:\/\/archive.sana.sy\/tr\/index.php?rest_route=\/wp\/v2\/posts\/32202","targetHints":{"allow":["GET"]}}],"collection":[{"href":"https:\/\/archive.sana.sy\/tr\/index.php?rest_route=\/wp\/v2\/posts"}],"about":[{"href":"https:\/\/archive.sana.sy\/tr\/index.php?rest_route=\/wp\/v2\/types\/post"}],"author":[{"embeddable":true,"href":"https:\/\/archive.sana.sy\/tr\/index.php?rest_route=\/wp\/v2\/users\/1"}],"replies":[{"embeddable":true,"href":"https:\/\/archive.sana.sy\/tr\/index.php?rest_route=%2Fwp%2Fv2%2Fcomments&post=32202"}],"version-history":[{"count":0,"href":"https:\/\/archive.sana.sy\/tr\/index.php?rest_route=\/wp\/v2\/posts\/32202\/revisions"}],"wp:featuredmedia":[{"embeddable":true,"href":"https:\/\/archive.sana.sy\/tr\/index.php?rest_route=\/wp\/v2\/media\/32203"}],"wp:attachment":[{"href":"https:\/\/archive.sana.sy\/tr\/index.php?rest_route=%2Fwp%2Fv2%2Fmedia&parent=32202"}],"wp:term":[{"taxonomy":"category","embeddable":true,"href":"https:\/\/archive.sana.sy\/tr\/index.php?rest_route=%2Fwp%2Fv2%2Fcategories&post=32202"},{"taxonomy":"post_tag","embeddable":true,"href":"https:\/\/archive.sana.sy\/tr\/index.php?rest_route=%2Fwp%2Fv2%2Ftags&post=32202"}],"curies":[{"name":"wp","href":"https:\/\/api.w.org\/{rel}","templated":true}]}}