{"id":322030,"date":"2025-05-28T08:00:15","date_gmt":"2025-05-28T05:00:15","guid":{"rendered":"https:\/\/sana.sy\/tr\/?p=322030"},"modified":"2025-05-28T09:36:33","modified_gmt":"2025-05-28T06:36:33","slug":"enerji-bakani-urdun-heyetiyle-enerji-sektorunde-isbirliginin-artirilmasi-yollarini-gorustu","status":"publish","type":"post","link":"https:\/\/archive.sana.sy\/tr\/?p=322030","title":{"rendered":"Enerji Bakan\u0131, \u00dcrd\u00fcn Heyetiyle Enerji Sekt\u00f6r\u00fcnde \u0130\u015fbirli\u011finin Art\u0131r\u0131lmas\u0131 Yollar\u0131n\u0131 G\u00f6r\u00fc\u015ft\u00fc"},"content":{"rendered":"<p style=\"text-align: justify;\"><strong>\u015eAM (SANA) &#8211;<\/strong> Enerji Bakan\u0131 Muhammed El Be\u015fir, \u00dcrd\u00fcn Ticaret Konseyi ba\u015fkanl\u0131\u011f\u0131ndaki \u00dcrd\u00fcnl\u00fc i\u015fadamlar\u0131ndan olu\u015fan bir heyetle enerji sekt\u00f6r\u00fcndeki ortak i\u015fbirli\u011fi konular\u0131n\u0131 g\u00f6r\u00fc\u015ft\u00fc.<\/p>\n<p style=\"text-align: justify;\"><img loading=\"lazy\" decoding=\"async\" class=\"size-full wp-image-322032 alignright\" src=\"http:\/\/sana.sy\/tr\/wp-content\/uploads\/2025\/05\/22-3.jpg\" alt=\"\" width=\"300\" height=\"168\" \/>Bakanl\u0131kta d\u00fczenlenen toplant\u0131da Bakan El Be\u015fir, enerji sekt\u00f6r\u00fcndeki yat\u0131r\u0131m durumunu g\u00f6zden ge\u00e7irerek, bakanl\u0131\u011f\u0131n sekt\u00f6r\u00fc ilerletmek i\u00e7in ald\u0131\u011f\u0131 tedbirleri a\u00e7\u0131klad\u0131.<\/p>\n<p style=\"text-align: justify;\">Bakan El Be\u015fir, Suriye&#8217;deki enerji projelerinin geli\u015ftirilmesine katk\u0131 sa\u011flayacak \u00dcrd\u00fcn i\u015f sekt\u00f6r\u00fcyle ortakl\u0131klar\u0131n g\u00fc\u00e7lendirilmesinin \u00f6nemini vurgulad\u0131.<\/p>\n<p style=\"text-align: justify;\">\u00dcrd\u00fcn heyeti ise, Suriye h\u00fck\u00fcmetinin yat\u0131r\u0131m ortam\u0131n\u0131 iyile\u015ftirme y\u00f6n\u00fcndeki \u00e7abalar\u0131n\u0131 takdir ederek, Suriye ile \u00dcrd\u00fcn aras\u0131nda kar\u015f\u0131l\u0131kl\u0131 \u00e7\u0131karlara ula\u015fma ve ekonomik ba\u011flar\u0131 g\u00fc\u00e7lendirme y\u00f6n\u00fcndeki isteklerini dile getirdi.<\/p>\n","protected":false},"excerpt":{"rendered":"<p>\u015eAM (SANA) &#8211; Enerji Bakan\u0131 Muhammed El Be\u015fir, \u00dcrd\u00fcn Ticaret Konseyi ba\u015fkanl\u0131\u011f\u0131ndaki \u00dcrd\u00fcnl\u00fc i\u015fadamlar\u0131ndan olu\u015fan bir heyetle enerji sekt\u00f6r\u00fcndeki ortak i\u015fbirli\u011fi konular\u0131n\u0131 g\u00f6r\u00fc\u015ft\u00fc. Bakanl\u0131kta d\u00fczenlenen toplant\u0131da Bakan El Be\u015fir, enerji sekt\u00f6r\u00fcndeki yat\u0131r\u0131m durumunu g\u00f6zden ge\u00e7irerek, bakanl\u0131\u011f\u0131n sekt\u00f6r\u00fc ilerletmek i\u00e7in ald\u0131\u011f\u0131 tedbirleri a\u00e7\u0131klad\u0131. Bakan El Be\u015fir, Suriye&#8217;deki enerji projelerinin geli\u015ftirilmesine katk\u0131 sa\u011flayacak \u00dcrd\u00fcn i\u015f sekt\u00f6r\u00fcyle ortakl\u0131klar\u0131n &hellip;<\/p>\n","protected":false},"author":39,"featured_media":322031,"comment_status":"closed","ping_status":"closed","sticky":false,"template":"","format":"standard","meta":{"footnotes":""},"categories":[589,479,17988,478],"tags":[],"class_list":["post-322030","post","type-post","status-publish","format-standard","has-post-thumbnail","","category-haber-seridi","category-haberler-yerel","category-son-haberler","category-yerel"],"_links":{"self":[{"href":"https:\/\/archive.sana.sy\/tr\/index.php?rest_route=\/wp\/v2\/posts\/322030","targetHints":{"allow":["GET"]}}],"collection":[{"href":"https:\/\/archive.sana.sy\/tr\/index.php?rest_route=\/wp\/v2\/posts"}],"about":[{"href":"https:\/\/archive.sana.sy\/tr\/index.php?rest_route=\/wp\/v2\/types\/post"}],"author":[{"embeddable":true,"href":"https:\/\/archive.sana.sy\/tr\/index.php?rest_route=\/wp\/v2\/users\/39"}],"replies":[{"embeddable":true,"href":"https:\/\/archive.sana.sy\/tr\/index.php?rest_route=%2Fwp%2Fv2%2Fcomments&post=322030"}],"version-history":[{"count":1,"href":"https:\/\/archive.sana.sy\/tr\/index.php?rest_route=\/wp\/v2\/posts\/322030\/revisions"}],"predecessor-version":[{"id":322033,"href":"https:\/\/archive.sana.sy\/tr\/index.php?rest_route=\/wp\/v2\/posts\/322030\/revisions\/322033"}],"wp:featuredmedia":[{"embeddable":true,"href":"https:\/\/archive.sana.sy\/tr\/index.php?rest_route=\/wp\/v2\/media\/322031"}],"wp:attachment":[{"href":"https:\/\/archive.sana.sy\/tr\/index.php?rest_route=%2Fwp%2Fv2%2Fmedia&parent=322030"}],"wp:term":[{"taxonomy":"category","embeddable":true,"href":"https:\/\/archive.sana.sy\/tr\/index.php?rest_route=%2Fwp%2Fv2%2Fcategories&post=322030"},{"taxonomy":"post_tag","embeddable":true,"href":"https:\/\/archive.sana.sy\/tr\/index.php?rest_route=%2Fwp%2Fv2%2Ftags&post=322030"}],"curies":[{"name":"wp","href":"https:\/\/api.w.org\/{rel}","templated":true}]}}